{"id":232,"date":"2018-10-16T10:44:52","date_gmt":"2018-10-16T08:44:52","guid":{"rendered":"http:\/\/www.lerelaispourlemploi.fr\/atelier\/?p=232"},"modified":"2018-11-16T11:41:48","modified_gmt":"2018-11-16T10:41:48","slug":"le-biau-jardin-mis-a-lhonneur-a-loccasion-de-la-semaine-bleue","status":"publish","type":"post","link":"https:\/\/www.lerelaispourlemploi.fr\/atelier\/actualites\/le-biau-jardin-mis-a-lhonneur-a-loccasion-de-la-semaine-bleue\/","title":{"rendered":"Le Bia\u00f9 Jardin mis \u00e0 l&rsquo;honneur \u00e0 l&rsquo;occasion de la Semaine bleue"},"content":{"rendered":"<p>Le mercredi 10 octobre, le Relais pour l&rsquo;Emploi a particip\u00e9 \u00e0 la journ\u00e9e mise en place au sein de l&rsquo;EHPAD de Retiers, dans le cadre de la Semaine bleue, pour faire d\u00e9couvrir les actions et acteurs du \u00ab\u00a0Bia\u00f9 Jardin\u00a0\u00bb.<\/p>\n<p>Au programme de cette journ\u00e9e baign\u00e9e de soleil : la confection d&rsquo;une grande soupe qui a \u00e9t\u00e9 offerte aux visiteurs tout au long de la journ\u00e9e, des activit\u00e9s d&rsquo;initiation au jardinage, des d\u00e9gustations de ch\u00e2taignes grill\u00e9es et beaucoup de convivialit\u00e9 entre les nombreux participants de tous \u00e2ges !  <\/p>\n<p>Pour plus de photos de cette belle journ\u00e9e, nous vous invitons \u00e0 consulter <a class=\"atelier\" href=\"https:\/\/www.facebook.com\/BiauJardinRetiers\/\" target=\"_blank\">la page Facebook du Bia\u00f9 Jardin<\/a> !<\/p>\n","protected":false},"excerpt":{"rendered":"Le mercredi 10 octobre, le Relais pour l&rsquo;Emploi a particip\u00e9 \u00e0 la journ\u00e9e mise en place au sein de l&rsquo;EHPAD de Retiers, dans le cadre de la Semaine bleue, pour faire d\u00e9couvrir les actions et [&hellip;]","protected":false},"author":2,"featured_media":234,"comment_status":"open","ping_status":"open","sticky":false,"template":"","format":"standard","meta":[],"categories":[2],"tags":[],"_links":{"self":[{"href":"https:\/\/www.lerelaispourlemploi.fr\/atelier\/wp-json\/wp\/v2\/posts\/232"}],"collection":[{"href":"https:\/\/www.lerelaispourlemploi.fr\/atelier\/wp-json\/wp\/v2\/posts"}],"about":[{"href":"https:\/\/www.lerelaispourlemploi.fr\/atelier\/wp-json\/wp\/v2\/types\/post"}],"author":[{"embeddable":true,"href":"https:\/\/www.lerelaispourlemploi.fr\/atelier\/wp-json\/wp\/v2\/users\/2"}],"replies":[{"embeddable":true,"href":"https:\/\/www.lerelaispourlemploi.fr\/atelier\/wp-json\/wp\/v2\/comments?post=232"}],"version-history":[{"count":1,"href":"https:\/\/www.lerelaispourlemploi.fr\/atelier\/wp-json\/wp\/v2\/posts\/232\/revisions"}],"predecessor-version":[{"id":233,"href":"https:\/\/www.lerelaispourlemploi.fr\/atelier\/wp-json\/wp\/v2\/posts\/232\/revisions\/233"}],"wp:featuredmedia":[{"embeddable":true,"href":"https:\/\/www.lerelaispourlemploi.fr\/atelier\/wp-json\/wp\/v2\/media\/234"}],"wp:attachment":[{"href":"https:\/\/www.lerelaispourlemploi.fr\/atelier\/wp-json\/wp\/v2\/media?parent=232"}],"wp:term":[{"taxonomy":"category","embeddable":true,"href":"https:\/\/www.lerelaispourlemploi.fr\/atelier\/wp-json\/wp\/v2\/categories?post=232"},{"taxonomy":"post_tag","embeddable":true,"href":"https:\/\/www.lerelaispourlemploi.fr\/atelier\/wp-json\/wp\/v2\/tags?post=232"}],"curies":[{"name":"wp","href":"https:\/\/api.w.org\/{rel}","templated":true}]}}