{"id":238,"date":"2019-06-11T16:00:33","date_gmt":"2019-06-11T14:00:33","guid":{"rendered":"http:\/\/www.lerelaispourlemploi.fr\/atelier\/?p=238"},"modified":"2019-10-25T16:08:39","modified_gmt":"2019-10-25T14:08:39","slug":"compostage-partage-au-biau-jardin","status":"publish","type":"post","link":"https:\/\/www.lerelaispourlemploi.fr\/atelier\/actualites\/compostage-partage-au-biau-jardin\/","title":{"rendered":"Compostage partag\u00e9 au Bia\u00f9 Jardin"},"content":{"rendered":"<p>Un nouveau projet \u00e9co-responsable voit le jour dans le parc de l\u2019EHPAD : la cr\u00e9ation d\u2019une zone de compostage partag\u00e9. En effet, cette cr\u00e9ation fait suite \u00e0 la politique \u00e9co-citoyenne et \u00e9co-responsable de la R\u00e9sidence mais aussi r\u00e9pond aux objectifs cit\u00e9s dans la cr\u00e9ation du \u00ab jardin citoyen \u00bb : cr\u00e9er un lieu d\u2019\u00e9changes et de rencontres.<\/p>\n<p><img loading=\"lazy\" class=\"size-medium wp-image-239\" src=\"http:\/\/www.lerelaispourlemploi.fr\/wp-content\/images\/IMG_20190611_140331-230x306.jpg\" alt=\"\" width=\"230\" height=\"306\" \/><\/p>\n","protected":false},"excerpt":{"rendered":"Un nouveau projet \u00e9co-responsable voit le jour dans le parc de l\u2019EHPAD : la cr\u00e9ation d\u2019une zone de compostage partag\u00e9. En effet, cette cr\u00e9ation fait suite \u00e0 la politique \u00e9co-citoyenne et \u00e9co-responsable de la R\u00e9sidence [&hellip;]","protected":false},"author":8,"featured_media":239,"comment_status":"open","ping_status":"open","sticky":false,"template":"","format":"standard","meta":[],"categories":[2],"tags":[],"_links":{"self":[{"href":"https:\/\/www.lerelaispourlemploi.fr\/atelier\/wp-json\/wp\/v2\/posts\/238"}],"collection":[{"href":"https:\/\/www.lerelaispourlemploi.fr\/atelier\/wp-json\/wp\/v2\/posts"}],"about":[{"href":"https:\/\/www.lerelaispourlemploi.fr\/atelier\/wp-json\/wp\/v2\/types\/post"}],"author":[{"embeddable":true,"href":"https:\/\/www.lerelaispourlemploi.fr\/atelier\/wp-json\/wp\/v2\/users\/8"}],"replies":[{"embeddable":true,"href":"https:\/\/www.lerelaispourlemploi.fr\/atelier\/wp-json\/wp\/v2\/comments?post=238"}],"version-history":[{"count":2,"href":"https:\/\/www.lerelaispourlemploi.fr\/atelier\/wp-json\/wp\/v2\/posts\/238\/revisions"}],"predecessor-version":[{"id":241,"href":"https:\/\/www.lerelaispourlemploi.fr\/atelier\/wp-json\/wp\/v2\/posts\/238\/revisions\/241"}],"wp:featuredmedia":[{"embeddable":true,"href":"https:\/\/www.lerelaispourlemploi.fr\/atelier\/wp-json\/wp\/v2\/media\/239"}],"wp:attachment":[{"href":"https:\/\/www.lerelaispourlemploi.fr\/atelier\/wp-json\/wp\/v2\/media?parent=238"}],"wp:term":[{"taxonomy":"category","embeddable":true,"href":"https:\/\/www.lerelaispourlemploi.fr\/atelier\/wp-json\/wp\/v2\/categories?post=238"},{"taxonomy":"post_tag","embeddable":true,"href":"https:\/\/www.lerelaispourlemploi.fr\/atelier\/wp-json\/wp\/v2\/tags?post=238"}],"curies":[{"name":"wp","href":"https:\/\/api.w.org\/{rel}","templated":true}]}}