{"id":298,"date":"2024-08-01T10:36:47","date_gmt":"2024-08-01T08:36:47","guid":{"rendered":"https:\/\/www.lerelaispourlemploi.fr\/atelier\/?p=298"},"modified":"2024-08-01T10:36:47","modified_gmt":"2024-08-01T08:36:47","slug":"des-fleurs-et-des-plantes-aromatiques-au-jardin","status":"publish","type":"post","link":"https:\/\/www.lerelaispourlemploi.fr\/atelier\/actualites\/des-fleurs-et-des-plantes-aromatiques-au-jardin\/","title":{"rendered":"Des fleurs et des plantes aromatiques au jardin."},"content":{"rendered":"<p>Aussi raffin\u00e9e que savoureuse, la cuisine aux fleurs et aux plantes aromatiques fait du bien aux yeux et au palais.\nVendredi malgr\u00e9 une m\u00e9t\u00e9o belliqueuse, les d\u00e9gustations ont eu beaucoup de succ\u00e8s.\nSalari\u00e9s, adh\u00e9rents et fl\u00e2neurs \u00e9taient vraiment int\u00e9ress\u00e9s et curieux, ils ont gout\u00e9 l&rsquo;ensemble des fleurs que l&rsquo;\u00e9quipe de PHC proposait.\nRetrouvez les activit\u00e9s et recettes de PHC sur le blog https:\/\/premieresheuresenchantier35.wordpress.com\/<\/p>\n<p><img loading=\"lazy\" src=\"https:\/\/www.lerelaispourlemploi.fr\/wp-content\/images\/vente-deflurs-365x306.jpg\" alt=\"\" width=\"365\" height=\"306\" class=\"alignnone size-medium wp-image-299\" srcset=\"https:\/\/www.lerelaispourlemploi.fr\/wp-content\/images\/vente-deflurs-365x306.jpg 365w, https:\/\/www.lerelaispourlemploi.fr\/wp-content\/images\/vente-deflurs-239x200.jpg 239w, https:\/\/www.lerelaispourlemploi.fr\/wp-content\/images\/vente-deflurs-768x644.jpg 768w, https:\/\/www.lerelaispourlemploi.fr\/wp-content\/images\/vente-deflurs.jpg 940w\" sizes=\"(max-width: 365px) 100vw, 365px\" \/><\/p>\n","protected":false},"excerpt":{"rendered":"Aussi raffin\u00e9e que savoureuse, la cuisine aux fleurs et aux plantes aromatiques fait du bien aux yeux et au palais. Vendredi malgr\u00e9 une m\u00e9t\u00e9o belliqueuse, les d\u00e9gustations ont eu beaucoup de succ\u00e8s. Salari\u00e9s, adh\u00e9rents et [&hellip;]","protected":false},"author":5,"featured_media":299,"comment_status":"open","ping_status":"open","sticky":false,"template":"","format":"standard","meta":[],"categories":[2],"tags":[],"_links":{"self":[{"href":"https:\/\/www.lerelaispourlemploi.fr\/atelier\/wp-json\/wp\/v2\/posts\/298"}],"collection":[{"href":"https:\/\/www.lerelaispourlemploi.fr\/atelier\/wp-json\/wp\/v2\/posts"}],"about":[{"href":"https:\/\/www.lerelaispourlemploi.fr\/atelier\/wp-json\/wp\/v2\/types\/post"}],"author":[{"embeddable":true,"href":"https:\/\/www.lerelaispourlemploi.fr\/atelier\/wp-json\/wp\/v2\/users\/5"}],"replies":[{"embeddable":true,"href":"https:\/\/www.lerelaispourlemploi.fr\/atelier\/wp-json\/wp\/v2\/comments?post=298"}],"version-history":[{"count":1,"href":"https:\/\/www.lerelaispourlemploi.fr\/atelier\/wp-json\/wp\/v2\/posts\/298\/revisions"}],"predecessor-version":[{"id":300,"href":"https:\/\/www.lerelaispourlemploi.fr\/atelier\/wp-json\/wp\/v2\/posts\/298\/revisions\/300"}],"wp:featuredmedia":[{"embeddable":true,"href":"https:\/\/www.lerelaispourlemploi.fr\/atelier\/wp-json\/wp\/v2\/media\/299"}],"wp:attachment":[{"href":"https:\/\/www.lerelaispourlemploi.fr\/atelier\/wp-json\/wp\/v2\/media?parent=298"}],"wp:term":[{"taxonomy":"category","embeddable":true,"href":"https:\/\/www.lerelaispourlemploi.fr\/atelier\/wp-json\/wp\/v2\/categories?post=298"},{"taxonomy":"post_tag","embeddable":true,"href":"https:\/\/www.lerelaispourlemploi.fr\/atelier\/wp-json\/wp\/v2\/tags?post=298"}],"curies":[{"name":"wp","href":"https:\/\/api.w.org\/{rel}","templated":true}]}}