{"id":1021,"date":"2018-04-27T12:32:33","date_gmt":"2018-04-27T10:32:33","guid":{"rendered":"http:\/\/www.lerelaispourlemploi.fr\/jardin\/?p=1021"},"modified":"2018-04-27T12:32:33","modified_gmt":"2018-04-27T10:32:33","slug":"paniers-de-mai","status":"publish","type":"post","link":"https:\/\/www.lerelaispourlemploi.fr\/jardin\/actualites\/paniers-de-mai\/","title":{"rendered":"Paniers de Mai"},"content":{"rendered":"<p>Le mardi 1er Mai \u00e9tant f\u00e9ri\u00e9, les livraisons des paniers de Janz\u00e9 et Vitr\u00e9 seront report\u00e9es au mercredi 2, aux lieux et horaires habituels.<\/p>\n<p>La semaine 19 comportant deux jours f\u00e9ri\u00e9s, nous avons pris la d\u00e9cision d\u2019annuler les livraisons des mardi 8 et vendredi 11 Mai.\nLe panier en question sera malgr\u00e9 tout factur\u00e9, mais il sera compens\u00e9 par 3 paniers \u00e0 environ 13.50\u20ac dans les semaines \u00e0 venir.<\/p>\n<p>Cela nous permettra de livrer des l\u00e9gumes plus chers (tels que pleurotes, petits pois, etc.) en quantit\u00e9 suffisante, sans que cela contraigne \u00e0 diminuer le nombre de vari\u00e9t\u00e9s dans le panier ou \u00e0 proposer des paniers trop volumineux pour les petites familles\u2026  <\/p>\n<p>Merci d\u2019avance \u00e0 nos adh\u00e9rents pour leur compr\u00e9hension !<\/p>\n","protected":false},"excerpt":{"rendered":"Le mardi 1er Mai \u00e9tant f\u00e9ri\u00e9, les livraisons des paniers de Janz\u00e9 et Vitr\u00e9 seront report\u00e9es au mercredi 2, aux lieux et horaires habituels. La semaine 19 comportant deux jours f\u00e9ri\u00e9s, nous avons pris la [&hellip;]","protected":false},"author":2,"featured_media":1022,"comment_status":"open","ping_status":"open","sticky":false,"template":"","format":"standard","meta":[],"categories":[72],"tags":[],"_links":{"self":[{"href":"https:\/\/www.lerelaispourlemploi.fr\/jardin\/wp-json\/wp\/v2\/posts\/1021"}],"collection":[{"href":"https:\/\/www.lerelaispourlemploi.fr\/jardin\/wp-json\/wp\/v2\/posts"}],"about":[{"href":"https:\/\/www.lerelaispourlemploi.fr\/jardin\/wp-json\/wp\/v2\/types\/post"}],"author":[{"embeddable":true,"href":"https:\/\/www.lerelaispourlemploi.fr\/jardin\/wp-json\/wp\/v2\/users\/2"}],"replies":[{"embeddable":true,"href":"https:\/\/www.lerelaispourlemploi.fr\/jardin\/wp-json\/wp\/v2\/comments?post=1021"}],"version-history":[{"count":1,"href":"https:\/\/www.lerelaispourlemploi.fr\/jardin\/wp-json\/wp\/v2\/posts\/1021\/revisions"}],"predecessor-version":[{"id":1023,"href":"https:\/\/www.lerelaispourlemploi.fr\/jardin\/wp-json\/wp\/v2\/posts\/1021\/revisions\/1023"}],"wp:featuredmedia":[{"embeddable":true,"href":"https:\/\/www.lerelaispourlemploi.fr\/jardin\/wp-json\/wp\/v2\/media\/1022"}],"wp:attachment":[{"href":"https:\/\/www.lerelaispourlemploi.fr\/jardin\/wp-json\/wp\/v2\/media?parent=1021"}],"wp:term":[{"taxonomy":"category","embeddable":true,"href":"https:\/\/www.lerelaispourlemploi.fr\/jardin\/wp-json\/wp\/v2\/categories?post=1021"},{"taxonomy":"post_tag","embeddable":true,"href":"https:\/\/www.lerelaispourlemploi.fr\/jardin\/wp-json\/wp\/v2\/tags?post=1021"}],"curies":[{"name":"wp","href":"https:\/\/api.w.org\/{rel}","templated":true}]}}