{"id":1172,"date":"2018-12-24T12:54:49","date_gmt":"2018-12-24T11:54:49","guid":{"rendered":"http:\/\/www.lerelaispourlemploi.fr\/jardin\/?p=1172"},"modified":"2018-12-24T12:56:09","modified_gmt":"2018-12-24T11:56:09","slug":"resultats-de-lenquete-de-satisfaction-2","status":"publish","type":"post","link":"https:\/\/www.lerelaispourlemploi.fr\/jardin\/actualites\/resultats-de-lenquete-de-satisfaction-2\/","title":{"rendered":"R\u00e9sultats de l&rsquo;enqu\u00eate de satisfaction"},"content":{"rendered":"<p>Apr\u00e8s une derni\u00e8re enqu\u00eate de satisfaction datant de D\u00e9cembre 2016, nous avons de nouveau sollicit\u00e9 l&rsquo;avis de nos adh\u00e9rents en Octobre 2018.  <\/p>\n<p>Globalement, nous constatons que la satisfaction est au RDV, tant concernant notre offre de paniers de l\u00e9gumes bio, locaux et solidaires, que concernant les animations propos\u00e9es dans le cadre de la vie associative.<\/p>\n<p>L&rsquo;attachement \u00e0 notre projet associatif semble largement partag\u00e9. En t\u00e9moignent l&rsquo;investissement de quelques-un.e.s au sein de la Commission Adh\u00e9rents et le bouche-\u00e0-oreille qui nous permet de gagner chaque ann\u00e9e de nouvelles adh\u00e9sions.    <\/p>\n<p>Du point de vue de la gestion administrative des dossiers, des am\u00e9liorations sont attendues quant aux informations transmises sur le solde de l&rsquo;adh\u00e9rent via la Feuille de choux. Compte tenu des limites actuelles de notre logiciel, les informations ne peuvent \u00eatre d\u00e9taill\u00e9es sur les Feuilles de choux et nous vous proposons de solliciter de temps \u00e0 autre un relev\u00e9 de votre compte pour obtenir plus de d\u00e9tails. <\/p>\n<p>Pour consulter la synth\u00e8se des r\u00e9sultats et nos r\u00e9ponses aux diff\u00e9rents sujets abord\u00e9s, merci de t\u00e9l\u00e9charger le document ci-dessous :<\/p>\n<p><p><a class=\"button jardin_bg\" href=\"https:\/\/www.lerelaispourlemploi.fr\/jardin\/telechargements\/les-resultats-a-lenquete-de-satisfaction-2018\/\" rel=\"nofollow\">\n\t\tT\u00e9l\u00e9charger &ldquo;les r\u00e9sultats \u00e0 l'enqu\u00eate de satisfaction 2018&rdquo;\t<\/a><\/p><\/p>\n<p>Bonne lecture ! <\/p>\n<p>Et par la m\u00eame occasion : <strong>nos plus vifs remerciements \u00e0 nos quelque 180 familles-adh\u00e9rentes pour leur soutien et leurs encouragements !<\/strong><\/p>\n","protected":false},"excerpt":{"rendered":"Apr\u00e8s une derni\u00e8re enqu\u00eate de satisfaction datant de D\u00e9cembre 2016, nous avons de nouveau sollicit\u00e9 l&rsquo;avis de nos adh\u00e9rents en Octobre 2018. Globalement, nous constatons que la satisfaction est au RDV, tant concernant notre offre [&hellip;]","protected":false},"author":2,"featured_media":420,"comment_status":"open","ping_status":"open","sticky":false,"template":"","format":"standard","meta":[],"categories":[2],"tags":[],"_links":{"self":[{"href":"https:\/\/www.lerelaispourlemploi.fr\/jardin\/wp-json\/wp\/v2\/posts\/1172"}],"collection":[{"href":"https:\/\/www.lerelaispourlemploi.fr\/jardin\/wp-json\/wp\/v2\/posts"}],"about":[{"href":"https:\/\/www.lerelaispourlemploi.fr\/jardin\/wp-json\/wp\/v2\/types\/post"}],"author":[{"embeddable":true,"href":"https:\/\/www.lerelaispourlemploi.fr\/jardin\/wp-json\/wp\/v2\/users\/2"}],"replies":[{"embeddable":true,"href":"https:\/\/www.lerelaispourlemploi.fr\/jardin\/wp-json\/wp\/v2\/comments?post=1172"}],"version-history":[{"count":4,"href":"https:\/\/www.lerelaispourlemploi.fr\/jardin\/wp-json\/wp\/v2\/posts\/1172\/revisions"}],"predecessor-version":[{"id":1179,"href":"https:\/\/www.lerelaispourlemploi.fr\/jardin\/wp-json\/wp\/v2\/posts\/1172\/revisions\/1179"}],"wp:featuredmedia":[{"embeddable":true,"href":"https:\/\/www.lerelaispourlemploi.fr\/jardin\/wp-json\/wp\/v2\/media\/420"}],"wp:attachment":[{"href":"https:\/\/www.lerelaispourlemploi.fr\/jardin\/wp-json\/wp\/v2\/media?parent=1172"}],"wp:term":[{"taxonomy":"category","embeddable":true,"href":"https:\/\/www.lerelaispourlemploi.fr\/jardin\/wp-json\/wp\/v2\/categories?post=1172"},{"taxonomy":"post_tag","embeddable":true,"href":"https:\/\/www.lerelaispourlemploi.fr\/jardin\/wp-json\/wp\/v2\/tags?post=1172"}],"curies":[{"name":"wp","href":"https:\/\/api.w.org\/{rel}","templated":true}]}}