{"id":1226,"date":"2019-03-08T12:22:44","date_gmt":"2019-03-08T11:22:44","guid":{"rendered":"http:\/\/www.lerelaispourlemploi.fr\/jardin\/?p=1226"},"modified":"2019-03-08T12:22:44","modified_gmt":"2019-03-08T11:22:44","slug":"des-paniers-solidaires-pour-2019","status":"publish","type":"post","link":"https:\/\/www.lerelaispourlemploi.fr\/jardin\/actualites\/des-paniers-solidaires-pour-2019\/","title":{"rendered":"Des \u00ab\u00a0paniers solidaires\u00a0\u00bb pour 2019"},"content":{"rendered":"<p>Notre chantier d\u2019insertion \u00ab Le Pays fait son Jardin \u00bb distribue chaque semaine des paniers de l\u00e9gumes biologiques \u00e0 son r\u00e9seau de 180 adh\u00e9rents sur le Pays de Vitr\u00e9.<\/p>\n<p>Dans notre jargon associatif, nous parlons commun\u00e9ment de notre offre de \u00ab\u00a0panier bio, local et solidaire\u00a0\u00bb, trois valeurs fortes qui nous unissent au sein de notre mouvement associatif. En 2019, nous mettons l\u2019accent sur l\u2019offre solidaire !<\/p>\n<p>Ainsi, nous projetons de d\u00e9velopper notre distribution de paniers \u00e0 destination des familles b\u00e9n\u00e9ficiaires de l&rsquo;aide alimentaire sur le sud du Pays de Vitr\u00e9. Objectif : 500 paniers solidaires en 2019 !<\/p>\n<p>Ce dispositif national, lanc\u00e9 en 2012 par le R\u00e9seau Cocagne, vise \u00e0 rendre accessible une alimentation de qualit\u00e9 \u00e0 tous. L&rsquo;id\u00e9e est de proposer des l\u00e9gumes frais \u00e0 des personnes en situation de pr\u00e9carit\u00e9 et de les sensibiliser \u00e0 une cuisine plus \u00e9quilibr\u00e9e. Les adh\u00e9rents, identifi\u00e9s par les partenaires sociaux du territoire, s&rsquo;engageront \u00e0 retirer chaque semaine un panier de l\u00e9gumes durant une p\u00e9riode minimale de six mois. Un tiers du prix du panier sera \u00e0 leur charge, le reste \u00e9tant financ\u00e9 par des partenaires. Ils se verront \u00e9galement proposer des ateliers culinaires, des visites de l&rsquo;exploitation, etc.<\/p>\n<p>Les discussions en cours avec les co-financeurs de ce dispositif devrait nous permettre de livrer les premiers paniers solidaires au printemps.<\/p>\n<p>Ces paniers vous int\u00e9ressent ? Prenez contact avec votre travailleur social !   <\/p>\n","protected":false},"excerpt":{"rendered":"Notre chantier d\u2019insertion \u00ab Le Pays fait son Jardin \u00bb distribue chaque semaine des paniers de l\u00e9gumes biologiques \u00e0 son r\u00e9seau de 180 adh\u00e9rents sur le Pays de Vitr\u00e9. Dans notre jargon associatif, nous parlons [&hellip;]","protected":false},"author":2,"featured_media":1227,"comment_status":"open","ping_status":"open","sticky":false,"template":"","format":"standard","meta":[],"categories":[2],"tags":[],"_links":{"self":[{"href":"https:\/\/www.lerelaispourlemploi.fr\/jardin\/wp-json\/wp\/v2\/posts\/1226"}],"collection":[{"href":"https:\/\/www.lerelaispourlemploi.fr\/jardin\/wp-json\/wp\/v2\/posts"}],"about":[{"href":"https:\/\/www.lerelaispourlemploi.fr\/jardin\/wp-json\/wp\/v2\/types\/post"}],"author":[{"embeddable":true,"href":"https:\/\/www.lerelaispourlemploi.fr\/jardin\/wp-json\/wp\/v2\/users\/2"}],"replies":[{"embeddable":true,"href":"https:\/\/www.lerelaispourlemploi.fr\/jardin\/wp-json\/wp\/v2\/comments?post=1226"}],"version-history":[{"count":1,"href":"https:\/\/www.lerelaispourlemploi.fr\/jardin\/wp-json\/wp\/v2\/posts\/1226\/revisions"}],"predecessor-version":[{"id":1228,"href":"https:\/\/www.lerelaispourlemploi.fr\/jardin\/wp-json\/wp\/v2\/posts\/1226\/revisions\/1228"}],"wp:featuredmedia":[{"embeddable":true,"href":"https:\/\/www.lerelaispourlemploi.fr\/jardin\/wp-json\/wp\/v2\/media\/1227"}],"wp:attachment":[{"href":"https:\/\/www.lerelaispourlemploi.fr\/jardin\/wp-json\/wp\/v2\/media?parent=1226"}],"wp:term":[{"taxonomy":"category","embeddable":true,"href":"https:\/\/www.lerelaispourlemploi.fr\/jardin\/wp-json\/wp\/v2\/categories?post=1226"},{"taxonomy":"post_tag","embeddable":true,"href":"https:\/\/www.lerelaispourlemploi.fr\/jardin\/wp-json\/wp\/v2\/tags?post=1226"}],"curies":[{"name":"wp","href":"https:\/\/api.w.org\/{rel}","templated":true}]}}