{"id":1418,"date":"2020-01-03T15:14:33","date_gmt":"2020-01-03T14:14:33","guid":{"rendered":"http:\/\/www.lerelaispourlemploi.fr\/jardin\/?p=1418"},"modified":"2020-01-03T15:29:23","modified_gmt":"2020-01-03T14:29:23","slug":"inauguration-du-batiment-vergeal","status":"publish","type":"post","link":"https:\/\/www.lerelaispourlemploi.fr\/jardin\/actualites\/inauguration-du-batiment-vergeal\/","title":{"rendered":"Inauguration du b\u00e2timent VERGEAL"},"content":{"rendered":"<p>Le conseil d&rsquo;administration de l&rsquo;association, son Pr\u00e9sident ; Les permanents de l&rsquo;association Le Relais pour l&#8217;emploi ; Toute l&rsquo;\u00e9quipe du Chantier d&rsquo;insertion Le Pays fait son Jardin sont heureux de vous inviter \u00e0 :<\/p>\n<p style=\"text-align: center\"><strong>L&rsquo;Inauguration du B\u00e2timent VERGEAL<\/strong>\n<strong>VENDREDI 17 JANVIER<\/strong><\/p>\n<p><strong>16H00 : Inauguration officielle<\/strong> \u2013 avec la participation de Madame Christine CLOAREC D\u00e9put\u00e9e et Monsieur Denis CHEVROLLIER Maire de Vergeal.<\/p>\n<p><strong>16H30-19H00 : Visite, Galette des Rois et verre de l&rsquo;Amiti\u00e9<\/strong><\/p>\n<p><div id=\"attachment_1427\" style=\"width: 343px\" class=\"wp-caption aligncenter\"><img aria-describedby=\"caption-attachment-1427\" loading=\"lazy\" class=\"wp-image-1427 size-thumbnail\" title=\"Bureaux, salle de r\u00e9union et de formation\" src=\"http:\/\/www.lerelaispourlemploi.fr\/wp-content\/images\/20191220_161903-333x200.jpg\" alt=\"\" width=\"333\" height=\"200\" srcset=\"https:\/\/www.lerelaispourlemploi.fr\/wp-content\/images\/20191220_161903-333x200.jpg 333w, https:\/\/www.lerelaispourlemploi.fr\/wp-content\/images\/20191220_161903-510x306.jpg 510w, https:\/\/www.lerelaispourlemploi.fr\/wp-content\/images\/20191220_161903-768x461.jpg 768w\" sizes=\"(max-width: 333px) 100vw, 333px\" \/><p id=\"caption-attachment-1427\" class=\"wp-caption-text\">Bureaux, salle de r\u00e9union et de formation<\/p><\/div><\/p>\n<p>L&rsquo;occasion pour Le Pays fait son Jardin d&rsquo;accueillir <strong>Patrick LEBRETON<\/strong> Artiste Photographe Po\u00e8te avec son <strong>Exposition \u00ab\u00a0Arts en Ciel\u00a0\u00bb.<\/strong><\/p>\n","protected":false},"excerpt":{"rendered":"Le conseil d&rsquo;administration de l&rsquo;association, son Pr\u00e9sident ; Les permanents de l&rsquo;association Le Relais pour l&#8217;emploi ; Toute l&rsquo;\u00e9quipe du Chantier d&rsquo;insertion Le Pays fait son Jardin sont heureux de vous inviter \u00e0 : L&rsquo;Inauguration [&hellip;]","protected":false},"author":7,"featured_media":1423,"comment_status":"open","ping_status":"open","sticky":false,"template":"","format":"standard","meta":[],"categories":[2,71],"tags":[],"_links":{"self":[{"href":"https:\/\/www.lerelaispourlemploi.fr\/jardin\/wp-json\/wp\/v2\/posts\/1418"}],"collection":[{"href":"https:\/\/www.lerelaispourlemploi.fr\/jardin\/wp-json\/wp\/v2\/posts"}],"about":[{"href":"https:\/\/www.lerelaispourlemploi.fr\/jardin\/wp-json\/wp\/v2\/types\/post"}],"author":[{"embeddable":true,"href":"https:\/\/www.lerelaispourlemploi.fr\/jardin\/wp-json\/wp\/v2\/users\/7"}],"replies":[{"embeddable":true,"href":"https:\/\/www.lerelaispourlemploi.fr\/jardin\/wp-json\/wp\/v2\/comments?post=1418"}],"version-history":[{"count":7,"href":"https:\/\/www.lerelaispourlemploi.fr\/jardin\/wp-json\/wp\/v2\/posts\/1418\/revisions"}],"predecessor-version":[{"id":1430,"href":"https:\/\/www.lerelaispourlemploi.fr\/jardin\/wp-json\/wp\/v2\/posts\/1418\/revisions\/1430"}],"wp:featuredmedia":[{"embeddable":true,"href":"https:\/\/www.lerelaispourlemploi.fr\/jardin\/wp-json\/wp\/v2\/media\/1423"}],"wp:attachment":[{"href":"https:\/\/www.lerelaispourlemploi.fr\/jardin\/wp-json\/wp\/v2\/media?parent=1418"}],"wp:term":[{"taxonomy":"category","embeddable":true,"href":"https:\/\/www.lerelaispourlemploi.fr\/jardin\/wp-json\/wp\/v2\/categories?post=1418"},{"taxonomy":"post_tag","embeddable":true,"href":"https:\/\/www.lerelaispourlemploi.fr\/jardin\/wp-json\/wp\/v2\/tags?post=1418"}],"curies":[{"name":"wp","href":"https:\/\/api.w.org\/{rel}","templated":true}]}}