{"id":1601,"date":"2020-09-11T15:09:04","date_gmt":"2020-09-11T13:09:04","guid":{"rendered":"http:\/\/www.lerelaispourlemploi.fr\/jardin\/?p=1601"},"modified":"2020-09-24T10:54:14","modified_gmt":"2020-09-24T08:54:14","slug":"la-terre-est-notre-metier","status":"publish","type":"post","link":"https:\/\/www.lerelaispourlemploi.fr\/jardin\/actualites\/la-terre-est-notre-metier\/","title":{"rendered":"La Terre est notre M\u00e9tier -(Ev\u00e8nement annul\u00e9)"},"content":{"rendered":"<p><span style=\"color: #ff0000\">&#8211; EVENEMENT ANNULE &#8211;<\/span><\/p>\n<p>Cette ann\u00e9e encore le Pays fait son Jardin participe au salon des professionnels de la bio de la FNAB (f\u00e9d\u00e9ration nationale d&rsquo;agriculture biologique) <strong>\u00ab <a class=\"jardin\" href=\"https:\/\/www.salonbio.fr\/\">La Terre est notre M\u00e9tier<\/a> \u00bb<\/strong> se d\u00e9roulant <strong>les 22 et 23 septembre 2020 au parc expo de Retiers<\/strong>. Nous avons et allons y contribuer \u00e0 travers 4 interventions :<\/p>\n<blockquote><p>La plantation de cultures pour permettre la d\u00e9couverte de diff\u00e9rentes vari\u00e9t\u00e9s de poivrons, courges et laitues.<\/p>\n<p>La plantation de choux pour la d\u00e9monstration de diff\u00e9rentes m\u00e9thodes de paillage et de binage<\/p>\n<p>La mise en place de visites de notre Jardin<\/p>\n<p>La participation au <strong>March\u00e9 de producteurs Bio ouvert \u00e0 tous le Mardi 22 Septembre de 16H \u00e0 19H.\u00a0<\/strong><\/p><\/blockquote>\n<p>N\u2019h\u00e9sitez pas \u00e0 venir nous rencontrer !<\/p>\n<p>Plus d&rsquo;informations sur le site internet de La Terre est notre M\u00e9tier :\u00a0<a class=\"jardin\" href=\"https:\/\/www.salonbio.fr\/\">https:\/\/www.salonbio.fr\/<\/a><\/p>\n","protected":false},"excerpt":{"rendered":"&#8211; EVENEMENT ANNULE &#8211; Cette ann\u00e9e encore le Pays fait son Jardin participe au salon des professionnels de la bio de la FNAB (f\u00e9d\u00e9ration nationale d&rsquo;agriculture biologique) \u00ab La Terre est notre M\u00e9tier \u00bb se [&hellip;]","protected":false},"author":7,"featured_media":1605,"comment_status":"open","ping_status":"open","sticky":false,"template":"","format":"standard","meta":[],"categories":[2,157],"tags":[],"_links":{"self":[{"href":"https:\/\/www.lerelaispourlemploi.fr\/jardin\/wp-json\/wp\/v2\/posts\/1601"}],"collection":[{"href":"https:\/\/www.lerelaispourlemploi.fr\/jardin\/wp-json\/wp\/v2\/posts"}],"about":[{"href":"https:\/\/www.lerelaispourlemploi.fr\/jardin\/wp-json\/wp\/v2\/types\/post"}],"author":[{"embeddable":true,"href":"https:\/\/www.lerelaispourlemploi.fr\/jardin\/wp-json\/wp\/v2\/users\/7"}],"replies":[{"embeddable":true,"href":"https:\/\/www.lerelaispourlemploi.fr\/jardin\/wp-json\/wp\/v2\/comments?post=1601"}],"version-history":[{"count":4,"href":"https:\/\/www.lerelaispourlemploi.fr\/jardin\/wp-json\/wp\/v2\/posts\/1601\/revisions"}],"predecessor-version":[{"id":1612,"href":"https:\/\/www.lerelaispourlemploi.fr\/jardin\/wp-json\/wp\/v2\/posts\/1601\/revisions\/1612"}],"wp:featuredmedia":[{"embeddable":true,"href":"https:\/\/www.lerelaispourlemploi.fr\/jardin\/wp-json\/wp\/v2\/media\/1605"}],"wp:attachment":[{"href":"https:\/\/www.lerelaispourlemploi.fr\/jardin\/wp-json\/wp\/v2\/media?parent=1601"}],"wp:term":[{"taxonomy":"category","embeddable":true,"href":"https:\/\/www.lerelaispourlemploi.fr\/jardin\/wp-json\/wp\/v2\/categories?post=1601"},{"taxonomy":"post_tag","embeddable":true,"href":"https:\/\/www.lerelaispourlemploi.fr\/jardin\/wp-json\/wp\/v2\/tags?post=1601"}],"curies":[{"name":"wp","href":"https:\/\/api.w.org\/{rel}","templated":true}]}}