{"id":1696,"date":"2021-02-26T14:52:04","date_gmt":"2021-02-26T13:52:04","guid":{"rendered":"http:\/\/www.lerelaispourlemploi.fr\/jardin\/?p=1696"},"modified":"2021-02-26T14:52:43","modified_gmt":"2021-02-26T13:52:43","slug":"journee-decouverte-pour-la-mission-locale","status":"publish","type":"post","link":"https:\/\/www.lerelaispourlemploi.fr\/jardin\/actualites\/journee-decouverte-pour-la-mission-locale\/","title":{"rendered":"Journ\u00e9e d\u00e9couverte pour la Mission locale"},"content":{"rendered":"<p>Jeudi 1er f\u00e9vrier dernier le Pays fait son Jardin a eu le plaisir d&rsquo;accueillir des jeunes de la Mission Locale du pays de Vitr\u00e9. L&rsquo;objectif pour les participants : d\u00e9couvrir le mara\u00eechage en participant aux activit\u00e9s du chantier d&rsquo;insertion.<\/p>\n<p>Au programme : lavage et confection des paniers de l\u00e9gumes, atelier semis et atelier cuisine avec l&rsquo;\u00e9quipe salari\u00e9 du Jardin.<\/p>\n<p>Prochaine journ\u00e9e de maraichage avec la Mission Locale pr\u00e9vue le 13 Avril !<\/p>\n","protected":false},"excerpt":{"rendered":"Jeudi 1er f\u00e9vrier dernier le Pays fait son Jardin a eu le plaisir d&rsquo;accueillir des jeunes de la Mission Locale du pays de Vitr\u00e9. L&rsquo;objectif pour les participants : d\u00e9couvrir le mara\u00eechage en participant aux [&hellip;]","protected":false},"author":7,"featured_media":1697,"comment_status":"open","ping_status":"open","sticky":false,"template":"","format":"standard","meta":[],"categories":[2],"tags":[],"_links":{"self":[{"href":"https:\/\/www.lerelaispourlemploi.fr\/jardin\/wp-json\/wp\/v2\/posts\/1696"}],"collection":[{"href":"https:\/\/www.lerelaispourlemploi.fr\/jardin\/wp-json\/wp\/v2\/posts"}],"about":[{"href":"https:\/\/www.lerelaispourlemploi.fr\/jardin\/wp-json\/wp\/v2\/types\/post"}],"author":[{"embeddable":true,"href":"https:\/\/www.lerelaispourlemploi.fr\/jardin\/wp-json\/wp\/v2\/users\/7"}],"replies":[{"embeddable":true,"href":"https:\/\/www.lerelaispourlemploi.fr\/jardin\/wp-json\/wp\/v2\/comments?post=1696"}],"version-history":[{"count":2,"href":"https:\/\/www.lerelaispourlemploi.fr\/jardin\/wp-json\/wp\/v2\/posts\/1696\/revisions"}],"predecessor-version":[{"id":1699,"href":"https:\/\/www.lerelaispourlemploi.fr\/jardin\/wp-json\/wp\/v2\/posts\/1696\/revisions\/1699"}],"wp:featuredmedia":[{"embeddable":true,"href":"https:\/\/www.lerelaispourlemploi.fr\/jardin\/wp-json\/wp\/v2\/media\/1697"}],"wp:attachment":[{"href":"https:\/\/www.lerelaispourlemploi.fr\/jardin\/wp-json\/wp\/v2\/media?parent=1696"}],"wp:term":[{"taxonomy":"category","embeddable":true,"href":"https:\/\/www.lerelaispourlemploi.fr\/jardin\/wp-json\/wp\/v2\/categories?post=1696"},{"taxonomy":"post_tag","embeddable":true,"href":"https:\/\/www.lerelaispourlemploi.fr\/jardin\/wp-json\/wp\/v2\/tags?post=1696"}],"curies":[{"name":"wp","href":"https:\/\/api.w.org\/{rel}","templated":true}]}}