{"id":1713,"date":"2021-04-23T15:38:52","date_gmt":"2021-04-23T13:38:52","guid":{"rendered":"https:\/\/www.lerelaispourlemploi.fr\/jardin\/?p=1713"},"modified":"2021-04-23T15:39:52","modified_gmt":"2021-04-23T13:39:52","slug":"des-ruches-et-des-abeilles-au-pays-fait-son-jardin","status":"publish","type":"post","link":"https:\/\/www.lerelaispourlemploi.fr\/jardin\/actualites\/des-ruches-et-des-abeilles-au-pays-fait-son-jardin\/","title":{"rendered":"Des ruches et des abeilles au Pays fait son Jardin"},"content":{"rendered":"<p>Ce mois-ci nous accueillons avec joie les ruches de Patricia Rocher, apicultrice de \u00ab <strong>la Rivi\u00e8re de Miel<\/strong> \u00bb, sur une parcelle du Jardin.\nElle a ainsi pu installer 9 ruches en lisi\u00e8re de for\u00eat sur notre terrain et les abeilles commencent d\u00e9j\u00e0 \u00e0 s\u2019affairer !\nPatricia propose bien \u00e9videmment du miel mais le conditionne \u00e9galement en bonbons, pain d\u2019\u00e9pices et nougats. De quoi r\u00e9veiller nos papilles !<\/p>\n<p>Si vous souhaitez en savoir plus n\u2019h\u00e9sitez pas \u00e0 vous renseigner sur le site de la <a class=\"jardin\" href=\"https:\/\/fr-fr.facebook.com\/larivieredemiel\">Rivi\u00e8re de Miel<\/a> et peut \u00eatre proposerons nous une commande group\u00e9e de miel provenant des fleurs du jardin cette fin d\u2019\u00e9t\u00e9 ?!<\/p>\n","protected":false},"excerpt":{"rendered":"Ce mois-ci nous accueillons avec joie les ruches de Patricia Rocher, apicultrice de \u00ab la Rivi\u00e8re de Miel \u00bb, sur une parcelle du Jardin. Elle a ainsi pu installer 9 ruches en lisi\u00e8re de for\u00eat [&hellip;]","protected":false},"author":7,"featured_media":1714,"comment_status":"open","ping_status":"open","sticky":false,"template":"","format":"standard","meta":[],"categories":[2],"tags":[],"_links":{"self":[{"href":"https:\/\/www.lerelaispourlemploi.fr\/jardin\/wp-json\/wp\/v2\/posts\/1713"}],"collection":[{"href":"https:\/\/www.lerelaispourlemploi.fr\/jardin\/wp-json\/wp\/v2\/posts"}],"about":[{"href":"https:\/\/www.lerelaispourlemploi.fr\/jardin\/wp-json\/wp\/v2\/types\/post"}],"author":[{"embeddable":true,"href":"https:\/\/www.lerelaispourlemploi.fr\/jardin\/wp-json\/wp\/v2\/users\/7"}],"replies":[{"embeddable":true,"href":"https:\/\/www.lerelaispourlemploi.fr\/jardin\/wp-json\/wp\/v2\/comments?post=1713"}],"version-history":[{"count":2,"href":"https:\/\/www.lerelaispourlemploi.fr\/jardin\/wp-json\/wp\/v2\/posts\/1713\/revisions"}],"predecessor-version":[{"id":1716,"href":"https:\/\/www.lerelaispourlemploi.fr\/jardin\/wp-json\/wp\/v2\/posts\/1713\/revisions\/1716"}],"wp:featuredmedia":[{"embeddable":true,"href":"https:\/\/www.lerelaispourlemploi.fr\/jardin\/wp-json\/wp\/v2\/media\/1714"}],"wp:attachment":[{"href":"https:\/\/www.lerelaispourlemploi.fr\/jardin\/wp-json\/wp\/v2\/media?parent=1713"}],"wp:term":[{"taxonomy":"category","embeddable":true,"href":"https:\/\/www.lerelaispourlemploi.fr\/jardin\/wp-json\/wp\/v2\/categories?post=1713"},{"taxonomy":"post_tag","embeddable":true,"href":"https:\/\/www.lerelaispourlemploi.fr\/jardin\/wp-json\/wp\/v2\/tags?post=1713"}],"curies":[{"name":"wp","href":"https:\/\/api.w.org\/{rel}","templated":true}]}}