{"id":1794,"date":"2021-09-14T11:16:44","date_gmt":"2021-09-14T09:16:44","guid":{"rendered":"https:\/\/www.lerelaispourlemploi.fr\/jardin\/?p=1794"},"modified":"2021-09-14T11:19:39","modified_gmt":"2021-09-14T09:19:39","slug":"portes-ouvertes-du-pays-fait-son-jardin-vendredi-24-septembre","status":"publish","type":"post","link":"https:\/\/www.lerelaispourlemploi.fr\/jardin\/actualites\/portes-ouvertes-du-pays-fait-son-jardin-vendredi-24-septembre\/","title":{"rendered":"Ferme en sc\u00e8ne au Pays fait son jardin &#8211; Vendredi 24 Septembre"},"content":{"rendered":"<p><strong>Au programme des portes ouvertes du Jardin le Vendredi 24 Septembre \u00e0 partir de 17H:<\/strong><\/p>\n<ul>\n<li>Inauguration et visites guid\u00e9es du jardin<\/li>\n<li>Expositions d&rsquo;\u0153uvres tout au long du parcours<\/li>\n<li>March\u00e9 de producteurs de Terre des f\u00e9es (nouveau Drive fermier de la Roche aux f\u00e9es)<\/li>\n<li>Restauration sur place : assiette du march\u00e9 \u00e0 8\u20ac &#8211; 10\u20ac avec boisson (cidre ou jus de pommes)<\/li>\n<li>Buvette tenue par le comit\u00e9 des f\u00eates du Theil de Bretagne<\/li>\n<li>Spectacle ferme en sc\u00e8ne \u00ab\u00a0Les fr\u00e8res lampions\u00a0\u00bb d\u00e8s 20H15<\/li>\n<\/ul>\n<p>Entr\u00e9e libre pour l\u2019inauguration, le march\u00e9 et la visite du jardin\nR\u00e9servation et pass sanitaire requis pour le spectacle et la restauration<\/p>\n<p><strong>INFOS \/ RESERVATION\u00a0:\u00a0<\/strong>02.99.43.60.66 ou\u00a0<a class=\"jardin\" class=\"emploi\" href=\"mailto:paniers@lerelaispourlemploi.fr\">paniers@lerelaispourlemploi.fr<\/a><\/p>\n<p><p><a class=\"button jardin_bg\" href=\"https:\/\/www.lerelaispourlemploi.fr\/jardin\/telechargements\/ferme-en-scene-le-pays-fait-son-jardin-1-jpg\/\" rel=\"nofollow\">\n\t\tT\u00e9l\u00e9charger &ldquo;Ferme-en-scene-Le-Pays-fait-son-Jardin-1.jpg&rdquo;\t<\/a><\/p><img loading=\"lazy\" class=\"alignnone size-medium wp-image-1795 aligncenter\" src=\"https:\/\/www.lerelaispourlemploi.fr\/wp-content\/images\/Ferme-en-scene-Le-Pays-fait-son-Jardin-216x306.jpg\" alt=\"\" width=\"216\" height=\"306\" srcset=\"https:\/\/www.lerelaispourlemploi.fr\/wp-content\/images\/Ferme-en-scene-Le-Pays-fait-son-Jardin-216x306.jpg 216w, https:\/\/www.lerelaispourlemploi.fr\/wp-content\/images\/Ferme-en-scene-Le-Pays-fait-son-Jardin-141x200.jpg 141w, https:\/\/www.lerelaispourlemploi.fr\/wp-content\/images\/Ferme-en-scene-Le-Pays-fait-son-Jardin-768x1086.jpg 768w, https:\/\/www.lerelaispourlemploi.fr\/wp-content\/images\/Ferme-en-scene-Le-Pays-fait-son-Jardin-1086x1536.jpg 1086w, https:\/\/www.lerelaispourlemploi.fr\/wp-content\/images\/Ferme-en-scene-Le-Pays-fait-son-Jardin-1448x2048.jpg 1448w, https:\/\/www.lerelaispourlemploi.fr\/wp-content\/images\/Ferme-en-scene-Le-Pays-fait-son-Jardin.jpg 1587w\" sizes=\"(max-width: 216px) 100vw, 216px\" \/><\/p>\n","protected":false},"excerpt":{"rendered":"Au programme des portes ouvertes du Jardin le Vendredi 24 Septembre \u00e0 partir de 17H: Inauguration et visites guid\u00e9es du jardin Expositions d&rsquo;\u0153uvres tout au long du parcours March\u00e9 de producteurs de Terre des f\u00e9es [&hellip;]","protected":false},"author":7,"featured_media":1795,"comment_status":"open","ping_status":"open","sticky":false,"template":"","format":"standard","meta":[],"categories":[2,71],"tags":[],"_links":{"self":[{"href":"https:\/\/www.lerelaispourlemploi.fr\/jardin\/wp-json\/wp\/v2\/posts\/1794"}],"collection":[{"href":"https:\/\/www.lerelaispourlemploi.fr\/jardin\/wp-json\/wp\/v2\/posts"}],"about":[{"href":"https:\/\/www.lerelaispourlemploi.fr\/jardin\/wp-json\/wp\/v2\/types\/post"}],"author":[{"embeddable":true,"href":"https:\/\/www.lerelaispourlemploi.fr\/jardin\/wp-json\/wp\/v2\/users\/7"}],"replies":[{"embeddable":true,"href":"https:\/\/www.lerelaispourlemploi.fr\/jardin\/wp-json\/wp\/v2\/comments?post=1794"}],"version-history":[{"count":3,"href":"https:\/\/www.lerelaispourlemploi.fr\/jardin\/wp-json\/wp\/v2\/posts\/1794\/revisions"}],"predecessor-version":[{"id":1801,"href":"https:\/\/www.lerelaispourlemploi.fr\/jardin\/wp-json\/wp\/v2\/posts\/1794\/revisions\/1801"}],"wp:featuredmedia":[{"embeddable":true,"href":"https:\/\/www.lerelaispourlemploi.fr\/jardin\/wp-json\/wp\/v2\/media\/1795"}],"wp:attachment":[{"href":"https:\/\/www.lerelaispourlemploi.fr\/jardin\/wp-json\/wp\/v2\/media?parent=1794"}],"wp:term":[{"taxonomy":"category","embeddable":true,"href":"https:\/\/www.lerelaispourlemploi.fr\/jardin\/wp-json\/wp\/v2\/categories?post=1794"},{"taxonomy":"post_tag","embeddable":true,"href":"https:\/\/www.lerelaispourlemploi.fr\/jardin\/wp-json\/wp\/v2\/tags?post=1794"}],"curies":[{"name":"wp","href":"https:\/\/api.w.org\/{rel}","templated":true}]}}