{"id":1803,"date":"2021-09-24T15:52:53","date_gmt":"2021-09-24T13:52:53","guid":{"rendered":"https:\/\/www.lerelaispourlemploi.fr\/jardin\/?p=1803"},"modified":"2021-09-28T16:34:31","modified_gmt":"2021-09-28T14:34:31","slug":"les-portes-ouvertes-sur-la-culture","status":"publish","type":"post","link":"https:\/\/www.lerelaispourlemploi.fr\/jardin\/actualites\/les-portes-ouvertes-sur-la-culture\/","title":{"rendered":"Les portes ouvertes sur la culture"},"content":{"rendered":"<p><strong>Petite r\u00e9trospective photos de nos portes ouvertes du 24 septembre<\/strong>. L&rsquo;occasion de f\u00eater les cultures maraich\u00e8res, artistiques et th\u00e9\u00e2trales !<\/p>\n<p>Merci aux b\u00e9n\u00e9voles, aux salari\u00e9s, aux artistes, aux producteurs du Drive Fermier, au comit\u00e9 des f\u00eates du Theil de Bretagne et \u00e0 Ferme en sc\u00e8ne pour avoir fait de cette journ\u00e9e un moment chaleureux ! Un merci tout sp\u00e9cial \u00e0 katarina Cellarova pour avoir sublim\u00e9 notre Jardin.<\/p>\n<p><strong>Et merci \u00e0 vous !<\/strong> Nous \u00e9tions tr\u00e8s heureux de pouvoir vous accueillir sur le jardin et de passer cette belle journ\u00e9e avec vous !!<\/p>\n<p><img loading=\"lazy\" class=\"alignnone size-medium wp-image-1804 aligncenter\" src=\"https:\/\/www.lerelaispourlemploi.fr\/wp-content\/images\/Photo-retrospective-Ferme-en-scene-490x306.jpg\" alt=\"\" width=\"490\" height=\"306\" srcset=\"https:\/\/www.lerelaispourlemploi.fr\/wp-content\/images\/Photo-retrospective-Ferme-en-scene-490x306.jpg 490w, https:\/\/www.lerelaispourlemploi.fr\/wp-content\/images\/Photo-retrospective-Ferme-en-scene-320x200.jpg 320w, https:\/\/www.lerelaispourlemploi.fr\/wp-content\/images\/Photo-retrospective-Ferme-en-scene-768x480.jpg 768w, https:\/\/www.lerelaispourlemploi.fr\/wp-content\/images\/Photo-retrospective-Ferme-en-scene.jpg 800w\" sizes=\"(max-width: 490px) 100vw, 490px\" \/><\/p>\n","protected":false},"excerpt":{"rendered":"Petite r\u00e9trospective photos de nos portes ouvertes du 24 septembre. L&rsquo;occasion de f\u00eater les cultures maraich\u00e8res, artistiques et th\u00e9\u00e2trales ! Merci aux b\u00e9n\u00e9voles, aux salari\u00e9s, aux artistes, aux producteurs du Drive Fermier, au comit\u00e9 des [&hellip;]","protected":false},"author":7,"featured_media":1804,"comment_status":"open","ping_status":"open","sticky":false,"template":"","format":"standard","meta":[],"categories":[2,71],"tags":[],"_links":{"self":[{"href":"https:\/\/www.lerelaispourlemploi.fr\/jardin\/wp-json\/wp\/v2\/posts\/1803"}],"collection":[{"href":"https:\/\/www.lerelaispourlemploi.fr\/jardin\/wp-json\/wp\/v2\/posts"}],"about":[{"href":"https:\/\/www.lerelaispourlemploi.fr\/jardin\/wp-json\/wp\/v2\/types\/post"}],"author":[{"embeddable":true,"href":"https:\/\/www.lerelaispourlemploi.fr\/jardin\/wp-json\/wp\/v2\/users\/7"}],"replies":[{"embeddable":true,"href":"https:\/\/www.lerelaispourlemploi.fr\/jardin\/wp-json\/wp\/v2\/comments?post=1803"}],"version-history":[{"count":1,"href":"https:\/\/www.lerelaispourlemploi.fr\/jardin\/wp-json\/wp\/v2\/posts\/1803\/revisions"}],"predecessor-version":[{"id":1806,"href":"https:\/\/www.lerelaispourlemploi.fr\/jardin\/wp-json\/wp\/v2\/posts\/1803\/revisions\/1806"}],"wp:featuredmedia":[{"embeddable":true,"href":"https:\/\/www.lerelaispourlemploi.fr\/jardin\/wp-json\/wp\/v2\/media\/1804"}],"wp:attachment":[{"href":"https:\/\/www.lerelaispourlemploi.fr\/jardin\/wp-json\/wp\/v2\/media?parent=1803"}],"wp:term":[{"taxonomy":"category","embeddable":true,"href":"https:\/\/www.lerelaispourlemploi.fr\/jardin\/wp-json\/wp\/v2\/categories?post=1803"},{"taxonomy":"post_tag","embeddable":true,"href":"https:\/\/www.lerelaispourlemploi.fr\/jardin\/wp-json\/wp\/v2\/tags?post=1803"}],"curies":[{"name":"wp","href":"https:\/\/api.w.org\/{rel}","templated":true}]}}