{"id":1813,"date":"2021-10-28T15:39:53","date_gmt":"2021-10-28T13:39:53","guid":{"rendered":"https:\/\/www.lerelaispourlemploi.fr\/jardin\/?p=1813"},"modified":"2021-10-28T15:46:05","modified_gmt":"2021-10-28T13:46:05","slug":"paroles-du-jardin-1-portrait-dune-adherente","status":"publish","type":"post","link":"https:\/\/www.lerelaispourlemploi.fr\/jardin\/actualites\/paroles-du-jardin-1-portrait-dune-adherente\/","title":{"rendered":"Paroles du Jardin #1 : portrait d&rsquo;une adh\u00e9rente"},"content":{"rendered":"<p><strong>Avec Chlo\u00e9, ouvri\u00e8re maraich\u00e8re<\/strong> ayant une exp\u00e9rience journalistique, nous vous proposons un nouveau format d\u2019article : <strong>les paroles du Jardin<\/strong>. Le but est tout simple, recueillir les t\u00e9moignages des personnes li\u00e9es au Pays fait son Jardin que ce soit des salari\u00e9s, des adh\u00e9rents, des b\u00e9n\u00e9voles ou des membres du conseil d\u2019administration.\nSi vous avez envie de partager votre exp\u00e9rience, des anecdotes n\u2019h\u00e9sitez pas \u00e0 nous en faire part, nous serons ravis de relayer votre r\u00e9cit !\n<strong>Nous commen\u00e7ons cette semaine avec le t\u00e9moignage de Sylvie, ancienne adh\u00e9rente du panier<\/strong>.<\/p>\n<hr \/>\n<h3>Portrait de Sylvie<\/h3>\n<p>En 2009, \u00e0 la recherche de l\u00e9gumes bio, locaux et bons pour nourrir sa famille, Sylvie, habitante d\u2019Amanlis, a d\u00e9couvert le Pays fait son Jardin \u00e0 ses d\u00e9buts. \u00ab Je cherchais une AMAP \u00e0 c\u00f4t\u00e9 de chez moi et le fait que ce soit un jardin d\u2019insertion \u00e9tait un plus \u00bb se souvient-elle. \u00ab J\u2019ai adh\u00e9r\u00e9 tout de suite, la composition du panier m\u2019importait peu m\u00eame si \u00e0 un moment j\u2019en avais marre du radis noir, il y en avait souvent ! \u00bb<\/p>\n<p>Ainsi elle a vu l\u2019\u00e9volution du Jardin du simple hangar les premiers temps, \u00e0 l\u2019arriv\u00e9e des serres, des nouveaux b\u00e2timents et \u00e0 l\u2019agrandissement des parcelles.\n\u00ab Je travaillais sur Rennes \u00e0 cette \u00e9poque et c\u2019\u00e9tait fastidieux d\u2019aller chercher mon panier toutes les semaines \u00bb. Qu\u2019\u00e0 cela ne tienne, avec quelques adh\u00e9rents elle a su mobiliser plusieurs familles d\u2019Amanlis. Elle a mis en place un planning pour que chacun leur tour ils viennent chercher les paniers des uns et des autres.<\/p>\n<p>\u00ab J\u2019ai toujours trouv\u00e9 agr\u00e9able de venir au Jardin, \u00e7a permet de rencontrer les jardiniers m\u00eame 5 minutes et le lieu est magnifique \u00bb nous rapporte Sylvie. \u00ab J\u2019ai bien aim\u00e9 participer aux portes ouvertes, d\u00e9couvrir et me balader au milieu des cultures. J\u2019ai \u00e9galement appr\u00e9ci\u00e9 les ateliers de cuisine et partager ces temps avec d\u2019autres adh\u00e9rents \u00bb. L\u2019adh\u00e9sion de Sylvie au Jardin ne s\u2019est donc pas limit\u00e9e aux paniers. Elle a m\u00eame mis les mains dans la terre lors d\u2019un chantier de plantation d\u2019oignons !<\/p>\n<p>Sylvie a pris soin de garder toutes ses feuilles de choux dans un tiroir, \u00ab je trouve les recettes simples et originales, j\u2019aime piocher dedans en fonction des saisons \u00bb. Originalit\u00e9 qu\u2019elle retrouve dans les l\u00e9gumes propos\u00e9s : \u00ab j\u2019adore le chou-rave, avec toutes ses petites feuilles il me fait penser au Marsupilami \u00bb, un clin d\u2019\u0153il \u00e0 son m\u00e9tier de biblioth\u00e9caire \u00e0 n\u2019en pas douter.<\/p>\n<p>\u00ab J\u2019ai un jardin depuis longtemps \u00bb pr\u00e9cise-t-elle, \u00ab avec mes s\u0153urs nous avons toujours eu l\u2019exemple de notre p\u00e8re qui s\u2019occupait du sien \u00bb. Pendant longtemps ce n\u2019\u00e9tait qu\u2019un potager d\u2019\u00e9t\u00e9 compos\u00e9 de plants et de fleurs mais depuis le confinement elle s\u2019est lanc\u00e9e dans les semis. Son jardin a donc pris de l\u2019ampleur ! \u00ab J\u2019essaye d\u2019utiliser des m\u00e9thodes naturelles avec du paillage, pas de b\u00eachage et j\u2019aime faire des essais m\u00eame si les r\u00e9sultats sont al\u00e9atoires \u00bb. Elle cultive donc maintenant des l\u00e9gumes d\u2019automne et d\u2019hiver. \u00ab Je cultive toujours des fleurs car j\u2019aime le m\u00e9lange des couleurs \u00bb.<\/p>\n<p>Etant presque autonome en l\u00e9gumes, Sylvie a d\u00e9cid\u00e9 d\u2019arr\u00eater de prendre ses paniers au Jardin. \u00ab Mais je reviendrais s\u00fbrement en \u00e9t\u00e9 ! \u00bb s\u2019enthousiasme-t-elle, \u00ab je ne veux pas perdre le lien \u00bb<\/p>\n<p>Nous lui souhaitons de belles et abondantes r\u00e9coltes !!<\/p>\n","protected":false},"excerpt":{"rendered":"Avec Chlo\u00e9, ouvri\u00e8re maraich\u00e8re ayant une exp\u00e9rience journalistique, nous vous proposons un nouveau format d\u2019article : les paroles du Jardin. Le but est tout simple, recueillir les t\u00e9moignages des personnes li\u00e9es au Pays fait son [&hellip;]","protected":false},"author":7,"featured_media":1816,"comment_status":"open","ping_status":"open","sticky":false,"template":"","format":"standard","meta":[],"categories":[110,2],"tags":[],"_links":{"self":[{"href":"https:\/\/www.lerelaispourlemploi.fr\/jardin\/wp-json\/wp\/v2\/posts\/1813"}],"collection":[{"href":"https:\/\/www.lerelaispourlemploi.fr\/jardin\/wp-json\/wp\/v2\/posts"}],"about":[{"href":"https:\/\/www.lerelaispourlemploi.fr\/jardin\/wp-json\/wp\/v2\/types\/post"}],"author":[{"embeddable":true,"href":"https:\/\/www.lerelaispourlemploi.fr\/jardin\/wp-json\/wp\/v2\/users\/7"}],"replies":[{"embeddable":true,"href":"https:\/\/www.lerelaispourlemploi.fr\/jardin\/wp-json\/wp\/v2\/comments?post=1813"}],"version-history":[{"count":1,"href":"https:\/\/www.lerelaispourlemploi.fr\/jardin\/wp-json\/wp\/v2\/posts\/1813\/revisions"}],"predecessor-version":[{"id":1815,"href":"https:\/\/www.lerelaispourlemploi.fr\/jardin\/wp-json\/wp\/v2\/posts\/1813\/revisions\/1815"}],"wp:featuredmedia":[{"embeddable":true,"href":"https:\/\/www.lerelaispourlemploi.fr\/jardin\/wp-json\/wp\/v2\/media\/1816"}],"wp:attachment":[{"href":"https:\/\/www.lerelaispourlemploi.fr\/jardin\/wp-json\/wp\/v2\/media?parent=1813"}],"wp:term":[{"taxonomy":"category","embeddable":true,"href":"https:\/\/www.lerelaispourlemploi.fr\/jardin\/wp-json\/wp\/v2\/categories?post=1813"},{"taxonomy":"post_tag","embeddable":true,"href":"https:\/\/www.lerelaispourlemploi.fr\/jardin\/wp-json\/wp\/v2\/tags?post=1813"}],"curies":[{"name":"wp","href":"https:\/\/api.w.org\/{rel}","templated":true}]}}