{"id":1846,"date":"2021-11-23T12:55:55","date_gmt":"2021-11-23T11:55:55","guid":{"rendered":"https:\/\/www.lerelaispourlemploi.fr\/jardin\/?p=1846"},"modified":"2021-11-23T12:58:41","modified_gmt":"2021-11-23T11:58:41","slug":"operation-parrainage-hiver-2021","status":"publish","type":"post","link":"https:\/\/www.lerelaispourlemploi.fr\/jardin\/actualites\/operation-parrainage-hiver-2021\/","title":{"rendered":"Op\u00e9ration parrainage &#8211; Hiver 2021"},"content":{"rendered":"<p>Depuis l\u2019ann\u00e9e derni\u00e8re nous constatons une baisse dans la distribution de nos paniers de l\u00e9gumes bio, nous sommes pass\u00e9s de 180 paniers \u00e0 160 paniers hebdomadaires&#8230; Nous ambitionnons donc d\u2019augmenter progressivement le nombre de paniers distribu\u00e9s d\u2019ici le d\u00e9but de l\u2019ann\u00e9e 2022 !<\/p>\n<p><strong>Et qui de mieux plac\u00e9 que vous pour parler de nos paniers ?! Vous \u00eates nos meilleurs ambassadeurs !<\/strong>\nLe bouche \u00e0 oreille est un bon moyen pour gagner de nouveaux adh\u00e9rents. Nous nous permettons donc de vous solliciter en vue d\u2019une Op\u00e9ration Parrainage au cours de cette fin d&rsquo;ann\u00e9e.<\/p>\n<p><strong>L\u2019id\u00e9e est simple :<\/strong> Invitez vos voisin.e.s, ami.e.s ou coll\u00e8gue.s \u00e0 d\u00e9couvrir nos paniers de l\u00e9gumes bio, locaux et solidaires.<strong> Pour toute adh\u00e9sion enregistr\u00e9e par votre interm\u00e9diaire entre novembre et fin d\u00e9cembre 2021, nous vous offrirons un assortiment de produits \u00e0 base de miel confectionn\u00e9s par Patricia de La Rivi\u00e8re de Miel, l\u2019apicultrice \u0153uvrant sur le Jardin.<\/strong><\/p>\n<p>Des plaquettes de pr\u00e9sentation du Jardin et des contrats d\u2019adh\u00e9sion sont \u00e0 disposition de ceux qui le souhaitent. N\u2019h\u00e9sitez pas \u00e0 nous en r\u00e9clamer !\nMerci d\u2019avance pour votre soutien !<\/p>\n<p><a class=\"jardin\" href=\"https:\/\/www.lerelaispourlemploi.fr\/wp-content\/images\/Operation-Parrainage-2021-1.pdf\">Operation Parrainage 2021<\/a><\/p>\n","protected":false},"excerpt":{"rendered":"Depuis l\u2019ann\u00e9e derni\u00e8re nous constatons une baisse dans la distribution de nos paniers de l\u00e9gumes bio, nous sommes pass\u00e9s de 180 paniers \u00e0 160 paniers hebdomadaires&#8230; Nous ambitionnons donc d\u2019augmenter progressivement le nombre de paniers [&hellip;]","protected":false},"author":7,"featured_media":1851,"comment_status":"open","ping_status":"open","sticky":false,"template":"","format":"standard","meta":[],"categories":[2],"tags":[],"_links":{"self":[{"href":"https:\/\/www.lerelaispourlemploi.fr\/jardin\/wp-json\/wp\/v2\/posts\/1846"}],"collection":[{"href":"https:\/\/www.lerelaispourlemploi.fr\/jardin\/wp-json\/wp\/v2\/posts"}],"about":[{"href":"https:\/\/www.lerelaispourlemploi.fr\/jardin\/wp-json\/wp\/v2\/types\/post"}],"author":[{"embeddable":true,"href":"https:\/\/www.lerelaispourlemploi.fr\/jardin\/wp-json\/wp\/v2\/users\/7"}],"replies":[{"embeddable":true,"href":"https:\/\/www.lerelaispourlemploi.fr\/jardin\/wp-json\/wp\/v2\/comments?post=1846"}],"version-history":[{"count":1,"href":"https:\/\/www.lerelaispourlemploi.fr\/jardin\/wp-json\/wp\/v2\/posts\/1846\/revisions"}],"predecessor-version":[{"id":1850,"href":"https:\/\/www.lerelaispourlemploi.fr\/jardin\/wp-json\/wp\/v2\/posts\/1846\/revisions\/1850"}],"wp:featuredmedia":[{"embeddable":true,"href":"https:\/\/www.lerelaispourlemploi.fr\/jardin\/wp-json\/wp\/v2\/media\/1851"}],"wp:attachment":[{"href":"https:\/\/www.lerelaispourlemploi.fr\/jardin\/wp-json\/wp\/v2\/media?parent=1846"}],"wp:term":[{"taxonomy":"category","embeddable":true,"href":"https:\/\/www.lerelaispourlemploi.fr\/jardin\/wp-json\/wp\/v2\/categories?post=1846"},{"taxonomy":"post_tag","embeddable":true,"href":"https:\/\/www.lerelaispourlemploi.fr\/jardin\/wp-json\/wp\/v2\/tags?post=1846"}],"curies":[{"name":"wp","href":"https:\/\/api.w.org\/{rel}","templated":true}]}}