{"id":2192,"date":"2023-12-29T08:47:24","date_gmt":"2023-12-29T07:47:24","guid":{"rendered":"https:\/\/www.lerelaispourlemploi.fr\/jardin\/?p=2192"},"modified":"2023-12-29T08:47:24","modified_gmt":"2023-12-29T07:47:24","slug":"fiers-dappartenir-au-forum-cocagne-bio","status":"publish","type":"post","link":"https:\/\/www.lerelaispourlemploi.fr\/jardin\/actualites\/fiers-dappartenir-au-forum-cocagne-bio\/","title":{"rendered":"FIERS d\u2019appartenir au Forum Cocagne Bio :"},"content":{"rendered":"<div dir=\"auto\">Nous \u00e9tions trois encadrants du Jardin \u00e0 avoir particip\u00e9 au Forum National du R\u00e9seau Cocagne \u00e0 La Rochelle. Ce forum a regroup\u00e9 250 personnes engag\u00e9es dans des Jardins de Cocagne. L\u2019ensemble des participants ont partag\u00e9, travaill\u00e9 et coconstruit un avenir commun bio et solidaire !<\/div>\n<div dir=\"auto\">Le mardi 27 novembre, nous avons effectu\u00e9 la visite du Jardin , du fournil et de La Ferme du Mont d\u2019Or sous le soleil !<\/div>\n<div dir=\"auto\">Les mercredi 29 et jeudi 30 novembre, des ateliers ont \u00e9t\u00e9 organis\u00e9s sur diff\u00e9rentes th\u00e9matiques en lien avec la transition \u00e9cologique, la mission sociale et solidaire, la mobilisation citoyenne autour d\u2019un projet commun. Sans oublier l\u2019intervention d\u2019experts lors des diff\u00e9rentes pl\u00e9ni\u00e8res.<\/div>\n<div dir=\"auto\">Beaucoup de convivialit\u00e9, d\u2019\u00e9change et de partage sur ces 3 jours entre coll\u00e8gues provenant de partout en France. Un sentiment d\u2019appartenance \u00e0 un r\u00e9seau national qui pr\u00f4ne les m\u00eames convictions \u00e9thiques que chacun d\u2019entre nous !!<\/div>\n<div dir=\"auto\"><\/div>\n<div dir=\"auto\"><img loading=\"lazy\" class=\"alignnone size-medium wp-image-2196\" src=\"https:\/\/www.lerelaispourlemploi.fr\/wp-content\/images\/20231128-Semis-408x306.jpg\" alt=\"\" width=\"408\" height=\"306\" srcset=\"https:\/\/www.lerelaispourlemploi.fr\/wp-content\/images\/20231128-Semis-408x306.jpg 408w, https:\/\/www.lerelaispourlemploi.fr\/wp-content\/images\/20231128-Semis-267x200.jpg 267w, https:\/\/www.lerelaispourlemploi.fr\/wp-content\/images\/20231128-Semis-768x576.jpg 768w, https:\/\/www.lerelaispourlemploi.fr\/wp-content\/images\/20231128-Semis-1536x1152.jpg 1536w, https:\/\/www.lerelaispourlemploi.fr\/wp-content\/images\/20231128-Semis-2048x1536.jpg 2048w\" sizes=\"(max-width: 408px) 100vw, 408px\" \/> <img loading=\"lazy\" class=\"alignnone size-medium wp-image-2195\" src=\"https:\/\/www.lerelaispourlemploi.fr\/wp-content\/images\/20231128-Jardin-Arozooar-8-230x306.jpg\" alt=\"\" width=\"230\" height=\"306\" srcset=\"https:\/\/www.lerelaispourlemploi.fr\/wp-content\/images\/20231128-Jardin-Arozooar-8-230x306.jpg 230w, https:\/\/www.lerelaispourlemploi.fr\/wp-content\/images\/20231128-Jardin-Arozooar-8-150x200.jpg 150w, https:\/\/www.lerelaispourlemploi.fr\/wp-content\/images\/20231128-Jardin-Arozooar-8.jpg 480w\" sizes=\"(max-width: 230px) 100vw, 230px\" \/> <img loading=\"lazy\" class=\"alignnone size-medium wp-image-2194\" src=\"https:\/\/www.lerelaispourlemploi.fr\/wp-content\/images\/20231128-Jardin-Arozooar-3-470x306.jpg\" alt=\"\" width=\"470\" height=\"306\" srcset=\"https:\/\/www.lerelaispourlemploi.fr\/wp-content\/images\/20231128-Jardin-Arozooar-3-470x306.jpg 470w, https:\/\/www.lerelaispourlemploi.fr\/wp-content\/images\/20231128-Jardin-Arozooar-3-307x200.jpg 307w, https:\/\/www.lerelaispourlemploi.fr\/wp-content\/images\/20231128-Jardin-Arozooar-3.jpg 640w\" sizes=\"(max-width: 470px) 100vw, 470px\" \/><\/div>\n","protected":false},"excerpt":{"rendered":"Nous \u00e9tions trois encadrants du Jardin \u00e0 avoir particip\u00e9 au Forum National du R\u00e9seau Cocagne \u00e0 La Rochelle. Ce forum a regroup\u00e9 250 personnes engag\u00e9es dans des Jardins de Cocagne. L\u2019ensemble des participants ont partag\u00e9, [&hellip;]","protected":false},"author":5,"featured_media":2195,"comment_status":"open","ping_status":"open","sticky":false,"template":"","format":"standard","meta":[],"categories":[2],"tags":[],"_links":{"self":[{"href":"https:\/\/www.lerelaispourlemploi.fr\/jardin\/wp-json\/wp\/v2\/posts\/2192"}],"collection":[{"href":"https:\/\/www.lerelaispourlemploi.fr\/jardin\/wp-json\/wp\/v2\/posts"}],"about":[{"href":"https:\/\/www.lerelaispourlemploi.fr\/jardin\/wp-json\/wp\/v2\/types\/post"}],"author":[{"embeddable":true,"href":"https:\/\/www.lerelaispourlemploi.fr\/jardin\/wp-json\/wp\/v2\/users\/5"}],"replies":[{"embeddable":true,"href":"https:\/\/www.lerelaispourlemploi.fr\/jardin\/wp-json\/wp\/v2\/comments?post=2192"}],"version-history":[{"count":2,"href":"https:\/\/www.lerelaispourlemploi.fr\/jardin\/wp-json\/wp\/v2\/posts\/2192\/revisions"}],"predecessor-version":[{"id":2198,"href":"https:\/\/www.lerelaispourlemploi.fr\/jardin\/wp-json\/wp\/v2\/posts\/2192\/revisions\/2198"}],"wp:featuredmedia":[{"embeddable":true,"href":"https:\/\/www.lerelaispourlemploi.fr\/jardin\/wp-json\/wp\/v2\/media\/2195"}],"wp:attachment":[{"href":"https:\/\/www.lerelaispourlemploi.fr\/jardin\/wp-json\/wp\/v2\/media?parent=2192"}],"wp:term":[{"taxonomy":"category","embeddable":true,"href":"https:\/\/www.lerelaispourlemploi.fr\/jardin\/wp-json\/wp\/v2\/categories?post=2192"},{"taxonomy":"post_tag","embeddable":true,"href":"https:\/\/www.lerelaispourlemploi.fr\/jardin\/wp-json\/wp\/v2\/tags?post=2192"}],"curies":[{"name":"wp","href":"https:\/\/api.w.org\/{rel}","templated":true}]}}