{"id":2277,"date":"2024-05-23T14:09:41","date_gmt":"2024-05-23T12:09:41","guid":{"rendered":"https:\/\/www.lerelaispourlemploi.fr\/jardin\/?p=2277"},"modified":"2024-05-23T14:29:30","modified_gmt":"2024-05-23T12:29:30","slug":"coup-de-coeur-de-bruno","status":"publish","type":"post","link":"https:\/\/www.lerelaispourlemploi.fr\/jardin\/actualites\/coup-de-coeur-de-bruno\/","title":{"rendered":"Coup de Coeur de Bruno"},"content":{"rendered":"<p><span style=\"color: #99cc00\">Le coup de Coeur de la Semaine\u00a0<\/span><\/p>\n<p><img loading=\"lazy\" class=\"alignnone wp-image-2267\" src=\"https:\/\/www.lerelaispourlemploi.fr\/wp-content\/images\/20240129-Bruno-2-408x306.jpg\" alt=\"\" width=\"205\" height=\"154\" srcset=\"https:\/\/www.lerelaispourlemploi.fr\/wp-content\/images\/20240129-Bruno-2-408x306.jpg 408w, https:\/\/www.lerelaispourlemploi.fr\/wp-content\/images\/20240129-Bruno-2-267x200.jpg 267w, https:\/\/www.lerelaispourlemploi.fr\/wp-content\/images\/20240129-Bruno-2-768x576.jpg 768w, https:\/\/www.lerelaispourlemploi.fr\/wp-content\/images\/20240129-Bruno-2-1536x1152.jpg 1536w, https:\/\/www.lerelaispourlemploi.fr\/wp-content\/images\/20240129-Bruno-2-2048x1536.jpg 2048w\" sizes=\"(max-width: 205px) 100vw, 205px\" \/><\/p>\n<p>Le coup de coeur cin\u00e9matographique de Bruno va vous \u00eatre pr\u00e9sent\u00e9 chaque semaine.<\/p>\n<p>Pour cette \u00e9dition, vous aurez 2 coups de coeur.<\/p>\n<p><a class=\"jardin\" href=\"https:\/\/www.lerelaispourlemploi.fr\/wp-content\/images\/Coup-de-coeur-S20-Bruno.pdf\">Coup de coeur S20 Bruno<\/a><\/p>\n<p><a class=\"jardin\" href=\"https:\/\/www.lerelaispourlemploi.fr\/wp-content\/images\/Coup-de-coeur-S21-Bruno.pdf\">Coup de coeur S21 Bruno<\/a><\/p>\n<p>En vous souhaitant une bonne semaine,<\/p>\n<p><span style=\"color: #99cc00\">L&rsquo;\u00e9quipe du Jardin\u00a0<\/span><\/p>\n<p>&nbsp;<\/p>\n","protected":false},"excerpt":{"rendered":"Le coup de Coeur de la Semaine\u00a0 Le coup de coeur cin\u00e9matographique de Bruno va vous \u00eatre pr\u00e9sent\u00e9 chaque semaine. Pour cette \u00e9dition, vous aurez 2 coups de coeur. Coup de coeur S20 Bruno Coup [&hellip;]","protected":false},"author":7,"featured_media":0,"comment_status":"open","ping_status":"open","sticky":false,"template":"","format":"standard","meta":[],"categories":[2],"tags":[],"_links":{"self":[{"href":"https:\/\/www.lerelaispourlemploi.fr\/jardin\/wp-json\/wp\/v2\/posts\/2277"}],"collection":[{"href":"https:\/\/www.lerelaispourlemploi.fr\/jardin\/wp-json\/wp\/v2\/posts"}],"about":[{"href":"https:\/\/www.lerelaispourlemploi.fr\/jardin\/wp-json\/wp\/v2\/types\/post"}],"author":[{"embeddable":true,"href":"https:\/\/www.lerelaispourlemploi.fr\/jardin\/wp-json\/wp\/v2\/users\/7"}],"replies":[{"embeddable":true,"href":"https:\/\/www.lerelaispourlemploi.fr\/jardin\/wp-json\/wp\/v2\/comments?post=2277"}],"version-history":[{"count":2,"href":"https:\/\/www.lerelaispourlemploi.fr\/jardin\/wp-json\/wp\/v2\/posts\/2277\/revisions"}],"predecessor-version":[{"id":2284,"href":"https:\/\/www.lerelaispourlemploi.fr\/jardin\/wp-json\/wp\/v2\/posts\/2277\/revisions\/2284"}],"wp:attachment":[{"href":"https:\/\/www.lerelaispourlemploi.fr\/jardin\/wp-json\/wp\/v2\/media?parent=2277"}],"wp:term":[{"taxonomy":"category","embeddable":true,"href":"https:\/\/www.lerelaispourlemploi.fr\/jardin\/wp-json\/wp\/v2\/categories?post=2277"},{"taxonomy":"post_tag","embeddable":true,"href":"https:\/\/www.lerelaispourlemploi.fr\/jardin\/wp-json\/wp\/v2\/tags?post=2277"}],"curies":[{"name":"wp","href":"https:\/\/api.w.org\/{rel}","templated":true}]}}