{"id":2420,"date":"2024-07-23T10:43:39","date_gmt":"2024-07-23T08:43:39","guid":{"rendered":"https:\/\/www.lerelaispourlemploi.fr\/jardin\/?p=2420"},"modified":"2024-07-23T10:43:39","modified_gmt":"2024-07-23T08:43:39","slug":"s30-les-intemperies-au-jardin","status":"publish","type":"post","link":"https:\/\/www.lerelaispourlemploi.fr\/jardin\/actualites\/s30-les-intemperies-au-jardin\/","title":{"rendered":"S30 &#8211; Les intemp\u00e9ries au Jardin"},"content":{"rendered":"<p style=\"text-align: left\"><span style=\"color: #99cc00\">Des l\u00e9gumes de qualit\u00e9 au sein du jardin\u00a0 malgr\u00e9 une situation climatique alarmante<\/span><\/p>\n<p style=\"text-align: left\">Comme l\u2019ensemble des mara\u00eechers en Bretagne, nous sommes inquiets pour la production de nos l\u00e9gumes. Nous avons cumul\u00e9 beaucoup de retard depuis ce d\u00e9but d\u2019ann\u00e9e 2024, les champs \u00e9tant impraticables en raison des nombreuses pr\u00e9cipitations.<\/p>\n<p style=\"text-align: left\">Lundi dernier, alors que la m\u00e9t\u00e9o semblait plut\u00f4t cl\u00e9mente, nous avons subi 25 mm de pluie. Cette humidit\u00e9, sur le long terme, a favoris\u00e9 le d\u00e9veloppement de nombreuses maladies (mildiou,\u00a0 \u00a0botrytis \u2026) malgr\u00e9 de nombreux traitements naturels pr\u00e9ventifs. Certains l\u00e9gumes ont \u00e9t\u00e9 particuli\u00e8rement touch\u00e9s, notamment certaines vari\u00e9t\u00e9s de tomates. C\u2019est pourquoi, nos paniers risquent d\u2019\u00eatre moins vari\u00e9s que les ann\u00e9es pr\u00e9c\u00e9dentes.<\/p>\n<p style=\"text-align: left\">Malgr\u00e9 ce contexte climatique compliqu\u00e9, les encadrants et les salari\u00e9s en parcours restent motiv\u00e9s et travaillent d\u2019arrachepied pour maintenir des paniers de l\u00e9gumes de qualit\u00e9.<\/p>\n<p style=\"text-align: left\">D\u2019ailleurs, nous vous invitons \u00e0 l\u2019ouverture de la vente directe ce vendredi 26 juillet 2024 de 09h00 \u00e0 19h00 au \u00ab Pays fait son Jardin \u00bb \u00e0 La Rigaudi\u00e8re au Theil-de-Bretagne. A cette occasion, le <span style=\"color: #333333\">Dispositif Premi\u00e8res Heures en Chantier<\/span> vous\u00a0 propose une d\u00e9gustation de fleurs comestibles et de sauces au yaourt aux aromates de 09h00 \u00e0 12h00 !<\/p>\n<p style=\"text-align: left\">Nous tenons d\u2019ailleurs de nouveau \u00e0 vous remercier de votre fid\u00e9lit\u00e9 et de votre soutien \u00e0 nos c\u00f4t\u00e9s, partageant des valeurs communes : \u00e9cologique, sociale et solidaire.<\/p>\n<p>&nbsp;<\/p>\n<p>&nbsp;<\/p>\n<p><a class=\"jardin\" href=\"https:\/\/www.lerelaispourlemploi.fr\/wp-content\/images\/S30-Intemperies-au-jardin.pdf\">S30- Intemp\u00e9ries au jardin<\/a><\/p>\n","protected":false},"excerpt":{"rendered":"Des l\u00e9gumes de qualit\u00e9 au sein du jardin\u00a0 malgr\u00e9 une situation climatique alarmante Comme l\u2019ensemble des mara\u00eechers en Bretagne, nous sommes inquiets pour la production de nos l\u00e9gumes. Nous avons cumul\u00e9 beaucoup de retard depuis [&hellip;]","protected":false},"author":7,"featured_media":2422,"comment_status":"open","ping_status":"open","sticky":false,"template":"","format":"standard","meta":[],"categories":[110,2],"tags":[],"_links":{"self":[{"href":"https:\/\/www.lerelaispourlemploi.fr\/jardin\/wp-json\/wp\/v2\/posts\/2420"}],"collection":[{"href":"https:\/\/www.lerelaispourlemploi.fr\/jardin\/wp-json\/wp\/v2\/posts"}],"about":[{"href":"https:\/\/www.lerelaispourlemploi.fr\/jardin\/wp-json\/wp\/v2\/types\/post"}],"author":[{"embeddable":true,"href":"https:\/\/www.lerelaispourlemploi.fr\/jardin\/wp-json\/wp\/v2\/users\/7"}],"replies":[{"embeddable":true,"href":"https:\/\/www.lerelaispourlemploi.fr\/jardin\/wp-json\/wp\/v2\/comments?post=2420"}],"version-history":[{"count":2,"href":"https:\/\/www.lerelaispourlemploi.fr\/jardin\/wp-json\/wp\/v2\/posts\/2420\/revisions"}],"predecessor-version":[{"id":2424,"href":"https:\/\/www.lerelaispourlemploi.fr\/jardin\/wp-json\/wp\/v2\/posts\/2420\/revisions\/2424"}],"wp:featuredmedia":[{"embeddable":true,"href":"https:\/\/www.lerelaispourlemploi.fr\/jardin\/wp-json\/wp\/v2\/media\/2422"}],"wp:attachment":[{"href":"https:\/\/www.lerelaispourlemploi.fr\/jardin\/wp-json\/wp\/v2\/media?parent=2420"}],"wp:term":[{"taxonomy":"category","embeddable":true,"href":"https:\/\/www.lerelaispourlemploi.fr\/jardin\/wp-json\/wp\/v2\/categories?post=2420"},{"taxonomy":"post_tag","embeddable":true,"href":"https:\/\/www.lerelaispourlemploi.fr\/jardin\/wp-json\/wp\/v2\/tags?post=2420"}],"curies":[{"name":"wp","href":"https:\/\/api.w.org\/{rel}","templated":true}]}}