{"id":2467,"date":"2024-09-03T16:35:26","date_gmt":"2024-09-03T14:35:26","guid":{"rendered":"https:\/\/www.lerelaispourlemploi.fr\/jardin\/?p=2467"},"modified":"2024-09-03T16:35:26","modified_gmt":"2024-09-03T14:35:26","slug":"le-raisin-au-jardin","status":"publish","type":"post","link":"https:\/\/www.lerelaispourlemploi.fr\/jardin\/actualites\/le-raisin-au-jardin\/","title":{"rendered":"Le raisin au jardin"},"content":{"rendered":"<p><img loading=\"lazy\" class=\"alignnone wp-image-2471\" src=\"https:\/\/www.lerelaispourlemploi.fr\/wp-content\/images\/20240830-Raisin-1-408x306.jpg\" alt=\"\" width=\"236\" height=\"177\" srcset=\"https:\/\/www.lerelaispourlemploi.fr\/wp-content\/images\/20240830-Raisin-1-408x306.jpg 408w, https:\/\/www.lerelaispourlemploi.fr\/wp-content\/images\/20240830-Raisin-1-267x200.jpg 267w, https:\/\/www.lerelaispourlemploi.fr\/wp-content\/images\/20240830-Raisin-1-768x576.jpg 768w, https:\/\/www.lerelaispourlemploi.fr\/wp-content\/images\/20240830-Raisin-1-1536x1152.jpg 1536w, https:\/\/www.lerelaispourlemploi.fr\/wp-content\/images\/20240830-Raisin-1-2048x1536.jpg 2048w\" sizes=\"(max-width: 236px) 100vw, 236px\" \/> <img loading=\"lazy\" class=\"alignnone wp-image-2469\" src=\"https:\/\/www.lerelaispourlemploi.fr\/wp-content\/images\/20240830-Raisin-2bis-295x306.jpg\" alt=\"\" width=\"172\" height=\"178\" srcset=\"https:\/\/www.lerelaispourlemploi.fr\/wp-content\/images\/20240830-Raisin-2bis-295x306.jpg 295w, https:\/\/www.lerelaispourlemploi.fr\/wp-content\/images\/20240830-Raisin-2bis-193x200.jpg 193w, https:\/\/www.lerelaispourlemploi.fr\/wp-content\/images\/20240830-Raisin-2bis-768x798.jpg 768w, https:\/\/www.lerelaispourlemploi.fr\/wp-content\/images\/20240830-Raisin-2bis-1479x1536.jpg 1479w, https:\/\/www.lerelaispourlemploi.fr\/wp-content\/images\/20240830-Raisin-2bis-1971x2048.jpg 1971w\" sizes=\"(max-width: 172px) 100vw, 172px\" \/><\/p>\n<p><a class=\"jardin\" href=\"https:\/\/www.lerelaispourlemploi.fr\/wp-content\/images\/S36-Recolte-de-Raisins.pdf\">S36- R\u00e9colte de Raisins<\/a><\/p>\n<p>Pour cette rentr\u00e9e, nous sommes fiers de vous proposer notre premi\u00e8re production de raisin. Le muscat de New-York est souvent une r\u00e9f\u00e9rence lorsque l\u2019on cherche \u00e0 planter une belle et bonne vigne, r\u00e9sistante aux maladies et pouvant s\u2019adapter \u00e0 toutes situations. Ce raisin est croquant et juteux aux ar\u00f4mes de muscat, comme son nom l\u2019indique. Le top du raisin de table biologique, il ne demande qu\u2019\u00e0 \u00eatre d\u00e9gust\u00e9.<\/p>\n","protected":false},"excerpt":{"rendered":"S36- R\u00e9colte de Raisins Pour cette rentr\u00e9e, nous sommes fiers de vous proposer notre premi\u00e8re production de raisin. Le muscat de New-York est souvent une r\u00e9f\u00e9rence lorsque l\u2019on cherche \u00e0 planter une belle et bonne [&hellip;]","protected":false},"author":7,"featured_media":2470,"comment_status":"open","ping_status":"open","sticky":false,"template":"","format":"standard","meta":[],"categories":[2],"tags":[],"_links":{"self":[{"href":"https:\/\/www.lerelaispourlemploi.fr\/jardin\/wp-json\/wp\/v2\/posts\/2467"}],"collection":[{"href":"https:\/\/www.lerelaispourlemploi.fr\/jardin\/wp-json\/wp\/v2\/posts"}],"about":[{"href":"https:\/\/www.lerelaispourlemploi.fr\/jardin\/wp-json\/wp\/v2\/types\/post"}],"author":[{"embeddable":true,"href":"https:\/\/www.lerelaispourlemploi.fr\/jardin\/wp-json\/wp\/v2\/users\/7"}],"replies":[{"embeddable":true,"href":"https:\/\/www.lerelaispourlemploi.fr\/jardin\/wp-json\/wp\/v2\/comments?post=2467"}],"version-history":[{"count":3,"href":"https:\/\/www.lerelaispourlemploi.fr\/jardin\/wp-json\/wp\/v2\/posts\/2467\/revisions"}],"predecessor-version":[{"id":2475,"href":"https:\/\/www.lerelaispourlemploi.fr\/jardin\/wp-json\/wp\/v2\/posts\/2467\/revisions\/2475"}],"wp:featuredmedia":[{"embeddable":true,"href":"https:\/\/www.lerelaispourlemploi.fr\/jardin\/wp-json\/wp\/v2\/media\/2470"}],"wp:attachment":[{"href":"https:\/\/www.lerelaispourlemploi.fr\/jardin\/wp-json\/wp\/v2\/media?parent=2467"}],"wp:term":[{"taxonomy":"category","embeddable":true,"href":"https:\/\/www.lerelaispourlemploi.fr\/jardin\/wp-json\/wp\/v2\/categories?post=2467"},{"taxonomy":"post_tag","embeddable":true,"href":"https:\/\/www.lerelaispourlemploi.fr\/jardin\/wp-json\/wp\/v2\/tags?post=2467"}],"curies":[{"name":"wp","href":"https:\/\/api.w.org\/{rel}","templated":true}]}}