{"id":2476,"date":"2024-09-12T13:31:04","date_gmt":"2024-09-12T11:31:04","guid":{"rendered":"https:\/\/www.lerelaispourlemploi.fr\/jardin\/?p=2476"},"modified":"2024-09-12T13:31:04","modified_gmt":"2024-09-12T11:31:04","slug":"le-relais-pour-lemploi-mobilise","status":"publish","type":"post","link":"https:\/\/www.lerelaispourlemploi.fr\/jardin\/actualites\/le-relais-pour-lemploi-mobilise\/","title":{"rendered":"Le Relais pour l&#8217;emploi mobilis\u00e9"},"content":{"rendered":"<p><a class=\"jardin\" href=\"https:\/\/www.lerelaispourlemploi.fr\/wp-content\/images\/S37-Forum-des-Associations.pdf\">S37- Forum des Associations<\/a><\/p>\n<p>Ce samedi 07 septembre 2024, l\u2019ensemble des \u00e9quipes du Relais pour l\u2019emploi \u00e9tait mobilis\u00e9 sur les diff\u00e9rents Forum du territoire \u00e0 savoir\u00a0: \u00a0Argentr\u00e9-du-Plessis, Bais, Janz\u00e9, Retiers et Vitr\u00e9. L\u2019objectif \u00e9tant de pr\u00e9senter le panel de nos activit\u00e9s, \u00e0 savoir\u00a0:<\/p>\n<ul>\n<li>La mise \u00e0 disposition de personnel aupr\u00e8s des particuliers, des associations,\u00a0 collectivit\u00e9s, entreprises (\u2026) par le biais de\u00a0 notre association interm\u00e9diaire \u00ab Le Relais \u00bb sur Retiers et Vitr\u00e9.<\/li>\n<li>L\u2019antenne ADIS Int\u00e9rim, Entreprise de Travail Temporaire d\u2019Insertion.<\/li>\n<li>Le Parc Mob\u2019 comme Mobilit\u00e9 qui met \u00e0 disposition des scooters, v\u00e9los \u00e9lectriques.<\/li>\n<li>Notre chantier d\u2019insertion en mara\u00eechage biologique \u00ab Le Pays fait son Jardin \u00bb<\/li>\n<li>\u00a0Premi\u00e8res Heures en chantier pour l\u2019acc\u00e8s progressif vers l\u2019emploi<\/li>\n<\/ul>\n<p>Et ce mardi 10 septembre, notre association \u00ab Le Relais pour l\u2019emploi \u00bb sera pr\u00e9sente sur la Place de l\u2019emploi \u00e0 Martign\u00e9-Ferchaud de 14h00 \u00e0 18h00 avec + de 10\u00a0 entreprises locales pr\u00e9sentes, en partenariat avec le Point Accueil Emploi et Roche aux F\u00e9es Communaut\u00e9. Ce salon de l\u2019emploi est ouvert \u00e0 tous. Son objectif \u00e9tant de faire des rencontres avec des professionnels en toute convivialit\u00e9, d\u2019o\u00f9 le slogan :\u00a0 \u00ab 1 CV = 1 cr\u00eape \u00bb.<\/p>\n<p><img loading=\"lazy\" class=\"alignnone size-medium wp-image-2485\" src=\"https:\/\/www.lerelaispourlemploi.fr\/wp-content\/images\/5743949323541805122-bis-302x306.jpg\" alt=\"\" width=\"302\" height=\"306\" srcset=\"https:\/\/www.lerelaispourlemploi.fr\/wp-content\/images\/5743949323541805122-bis-302x306.jpg 302w, https:\/\/www.lerelaispourlemploi.fr\/wp-content\/images\/5743949323541805122-bis-198x200.jpg 198w, https:\/\/www.lerelaispourlemploi.fr\/wp-content\/images\/5743949323541805122-bis.jpg 768w\" sizes=\"(max-width: 302px) 100vw, 302px\" \/> <img loading=\"lazy\" class=\"alignnone size-medium wp-image-2484\" src=\"https:\/\/www.lerelaispourlemploi.fr\/wp-content\/images\/20240907_092532-bis-201x306.jpg\" alt=\"\" width=\"201\" height=\"306\" srcset=\"https:\/\/www.lerelaispourlemploi.fr\/wp-content\/images\/20240907_092532-bis-201x306.jpg 201w, https:\/\/www.lerelaispourlemploi.fr\/wp-content\/images\/20240907_092532-bis-131x200.jpg 131w, https:\/\/www.lerelaispourlemploi.fr\/wp-content\/images\/20240907_092532-bis-768x1170.jpg 768w, https:\/\/www.lerelaispourlemploi.fr\/wp-content\/images\/20240907_092532-bis-1008x1536.jpg 1008w, https:\/\/www.lerelaispourlemploi.fr\/wp-content\/images\/20240907_092532-bis-1344x2048.jpg 1344w, https:\/\/www.lerelaispourlemploi.fr\/wp-content\/images\/20240907_092532-bis-scaled.jpg 1680w\" sizes=\"(max-width: 201px) 100vw, 201px\" \/><\/p>\n","protected":false},"excerpt":{"rendered":"S37- Forum des Associations Ce samedi 07 septembre 2024, l\u2019ensemble des \u00e9quipes du Relais pour l\u2019emploi \u00e9tait mobilis\u00e9 sur les diff\u00e9rents Forum du territoire \u00e0 savoir\u00a0: \u00a0Argentr\u00e9-du-Plessis, Bais, Janz\u00e9, Retiers et Vitr\u00e9. L\u2019objectif \u00e9tant de [&hellip;]","protected":false},"author":7,"featured_media":2483,"comment_status":"open","ping_status":"open","sticky":false,"template":"","format":"standard","meta":[],"categories":[110],"tags":[],"_links":{"self":[{"href":"https:\/\/www.lerelaispourlemploi.fr\/jardin\/wp-json\/wp\/v2\/posts\/2476"}],"collection":[{"href":"https:\/\/www.lerelaispourlemploi.fr\/jardin\/wp-json\/wp\/v2\/posts"}],"about":[{"href":"https:\/\/www.lerelaispourlemploi.fr\/jardin\/wp-json\/wp\/v2\/types\/post"}],"author":[{"embeddable":true,"href":"https:\/\/www.lerelaispourlemploi.fr\/jardin\/wp-json\/wp\/v2\/users\/7"}],"replies":[{"embeddable":true,"href":"https:\/\/www.lerelaispourlemploi.fr\/jardin\/wp-json\/wp\/v2\/comments?post=2476"}],"version-history":[{"count":4,"href":"https:\/\/www.lerelaispourlemploi.fr\/jardin\/wp-json\/wp\/v2\/posts\/2476\/revisions"}],"predecessor-version":[{"id":2488,"href":"https:\/\/www.lerelaispourlemploi.fr\/jardin\/wp-json\/wp\/v2\/posts\/2476\/revisions\/2488"}],"wp:featuredmedia":[{"embeddable":true,"href":"https:\/\/www.lerelaispourlemploi.fr\/jardin\/wp-json\/wp\/v2\/media\/2483"}],"wp:attachment":[{"href":"https:\/\/www.lerelaispourlemploi.fr\/jardin\/wp-json\/wp\/v2\/media?parent=2476"}],"wp:term":[{"taxonomy":"category","embeddable":true,"href":"https:\/\/www.lerelaispourlemploi.fr\/jardin\/wp-json\/wp\/v2\/categories?post=2476"},{"taxonomy":"post_tag","embeddable":true,"href":"https:\/\/www.lerelaispourlemploi.fr\/jardin\/wp-json\/wp\/v2\/tags?post=2476"}],"curies":[{"name":"wp","href":"https:\/\/api.w.org\/{rel}","templated":true}]}}