{"id":2506,"date":"2024-09-23T16:30:09","date_gmt":"2024-09-23T14:30:09","guid":{"rendered":"https:\/\/www.lerelaispourlemploi.fr\/jardin\/?p=2506"},"modified":"2024-09-23T16:30:09","modified_gmt":"2024-09-23T14:30:09","slug":"les-lundis-gastronomiques-au-jardin","status":"publish","type":"post","link":"https:\/\/www.lerelaispourlemploi.fr\/jardin\/actualites\/les-lundis-gastronomiques-au-jardin\/","title":{"rendered":"Les lundis gastronomiques au Jardin"},"content":{"rendered":"<p><a class=\"jardin\" href=\"https:\/\/www.lerelaispourlemploi.fr\/wp-content\/images\/S39-Les-Lundis-gastronomiques-au-Jardin.pdf\">S39- Les Lundis gastronomiques au Jardin<\/a><\/p>\n<p><img loading=\"lazy\" class=\"alignnone wp-image-2510\" src=\"https:\/\/www.lerelaispourlemploi.fr\/wp-content\/images\/IMG_20240916_121550-408x306.jpg\" alt=\"\" width=\"242\" height=\"181\" srcset=\"https:\/\/www.lerelaispourlemploi.fr\/wp-content\/images\/IMG_20240916_121550-408x306.jpg 408w, https:\/\/www.lerelaispourlemploi.fr\/wp-content\/images\/IMG_20240916_121550-267x200.jpg 267w, https:\/\/www.lerelaispourlemploi.fr\/wp-content\/images\/IMG_20240916_121550-768x576.jpg 768w, https:\/\/www.lerelaispourlemploi.fr\/wp-content\/images\/IMG_20240916_121550-1536x1152.jpg 1536w, https:\/\/www.lerelaispourlemploi.fr\/wp-content\/images\/IMG_20240916_121550-2048x1536.jpg 2048w\" sizes=\"(max-width: 242px) 100vw, 242px\" \/> <img loading=\"lazy\" class=\"alignnone wp-image-2511\" src=\"https:\/\/www.lerelaispourlemploi.fr\/wp-content\/images\/IMG_20240916_121619_1-408x306.jpg\" alt=\"\" width=\"238\" height=\"178\" srcset=\"https:\/\/www.lerelaispourlemploi.fr\/wp-content\/images\/IMG_20240916_121619_1-408x306.jpg 408w, https:\/\/www.lerelaispourlemploi.fr\/wp-content\/images\/IMG_20240916_121619_1-267x200.jpg 267w, https:\/\/www.lerelaispourlemploi.fr\/wp-content\/images\/IMG_20240916_121619_1-768x576.jpg 768w, https:\/\/www.lerelaispourlemploi.fr\/wp-content\/images\/IMG_20240916_121619_1-1536x1152.jpg 1536w, https:\/\/www.lerelaispourlemploi.fr\/wp-content\/images\/IMG_20240916_121619_1-2048x1536.jpg 2048w\" sizes=\"(max-width: 238px) 100vw, 238px\" \/><\/p>\n<p>Tous les lundis, les salari\u00e9s du Dispositif Premi\u00e8res en Chantier nous propose des menus dignes de restaurant gastronomique avec des l\u00e9gumes du jardin. Voici la combinaison de l\u2019esth\u00e9tisme et du go\u00fbt. Un grand merci pour ses moments partag\u00e9s en toute convivialit\u00e9.<\/p>\n","protected":false},"excerpt":{"rendered":"S39- Les Lundis gastronomiques au Jardin Tous les lundis, les salari\u00e9s du Dispositif Premi\u00e8res en Chantier nous propose des menus dignes de restaurant gastronomique avec des l\u00e9gumes du jardin. Voici la combinaison de l\u2019esth\u00e9tisme et [&hellip;]","protected":false},"author":7,"featured_media":2509,"comment_status":"open","ping_status":"open","sticky":false,"template":"","format":"standard","meta":[],"categories":[2],"tags":[],"_links":{"self":[{"href":"https:\/\/www.lerelaispourlemploi.fr\/jardin\/wp-json\/wp\/v2\/posts\/2506"}],"collection":[{"href":"https:\/\/www.lerelaispourlemploi.fr\/jardin\/wp-json\/wp\/v2\/posts"}],"about":[{"href":"https:\/\/www.lerelaispourlemploi.fr\/jardin\/wp-json\/wp\/v2\/types\/post"}],"author":[{"embeddable":true,"href":"https:\/\/www.lerelaispourlemploi.fr\/jardin\/wp-json\/wp\/v2\/users\/7"}],"replies":[{"embeddable":true,"href":"https:\/\/www.lerelaispourlemploi.fr\/jardin\/wp-json\/wp\/v2\/comments?post=2506"}],"version-history":[{"count":2,"href":"https:\/\/www.lerelaispourlemploi.fr\/jardin\/wp-json\/wp\/v2\/posts\/2506\/revisions"}],"predecessor-version":[{"id":2513,"href":"https:\/\/www.lerelaispourlemploi.fr\/jardin\/wp-json\/wp\/v2\/posts\/2506\/revisions\/2513"}],"wp:featuredmedia":[{"embeddable":true,"href":"https:\/\/www.lerelaispourlemploi.fr\/jardin\/wp-json\/wp\/v2\/media\/2509"}],"wp:attachment":[{"href":"https:\/\/www.lerelaispourlemploi.fr\/jardin\/wp-json\/wp\/v2\/media?parent=2506"}],"wp:term":[{"taxonomy":"category","embeddable":true,"href":"https:\/\/www.lerelaispourlemploi.fr\/jardin\/wp-json\/wp\/v2\/categories?post=2506"},{"taxonomy":"post_tag","embeddable":true,"href":"https:\/\/www.lerelaispourlemploi.fr\/jardin\/wp-json\/wp\/v2\/tags?post=2506"}],"curies":[{"name":"wp","href":"https:\/\/api.w.org\/{rel}","templated":true}]}}