{"id":2515,"date":"2024-10-03T16:53:34","date_gmt":"2024-10-03T14:53:34","guid":{"rendered":"https:\/\/www.lerelaispourlemploi.fr\/jardin\/?p=2515"},"modified":"2024-10-03T17:10:01","modified_gmt":"2024-10-03T15:10:01","slug":"intervention-de-michael-brings","status":"publish","type":"post","link":"https:\/\/www.lerelaispourlemploi.fr\/jardin\/actualites\/intervention-de-michael-brings\/","title":{"rendered":"Intervention de Micha\u00ebl BRINGS"},"content":{"rendered":"<p><a class=\"jardin\" href=\"https:\/\/www.lerelaispourlemploi.fr\/wp-content\/images\/S40-La-terre-est-notre-Metier.pdf\"><img loading=\"lazy\" class=\"alignnone wp-image-2522\" src=\"https:\/\/www.lerelaispourlemploi.fr\/wp-content\/images\/20240926-La-terre-est-notre-metier-3-408x306.jpg\" alt=\"\" width=\"200\" height=\"150\" srcset=\"https:\/\/www.lerelaispourlemploi.fr\/wp-content\/images\/20240926-La-terre-est-notre-metier-3-408x306.jpg 408w, https:\/\/www.lerelaispourlemploi.fr\/wp-content\/images\/20240926-La-terre-est-notre-metier-3-267x200.jpg 267w, https:\/\/www.lerelaispourlemploi.fr\/wp-content\/images\/20240926-La-terre-est-notre-metier-3-768x576.jpg 768w, https:\/\/www.lerelaispourlemploi.fr\/wp-content\/images\/20240926-La-terre-est-notre-metier-3-1536x1152.jpg 1536w, https:\/\/www.lerelaispourlemploi.fr\/wp-content\/images\/20240926-La-terre-est-notre-metier-3-2048x1536.jpg 2048w\" sizes=\"(max-width: 200px) 100vw, 200px\" \/><img loading=\"lazy\" class=\"alignnone wp-image-2518\" src=\"https:\/\/www.lerelaispourlemploi.fr\/wp-content\/images\/20240926-La-terre-est-notre-metier-1bis-430x306.jpg\" alt=\"\" width=\"212\" height=\"151\" srcset=\"https:\/\/www.lerelaispourlemploi.fr\/wp-content\/images\/20240926-La-terre-est-notre-metier-1bis-430x306.jpg 430w, https:\/\/www.lerelaispourlemploi.fr\/wp-content\/images\/20240926-La-terre-est-notre-metier-1bis-281x200.jpg 281w, https:\/\/www.lerelaispourlemploi.fr\/wp-content\/images\/20240926-La-terre-est-notre-metier-1bis-768x547.jpg 768w, https:\/\/www.lerelaispourlemploi.fr\/wp-content\/images\/20240926-La-terre-est-notre-metier-1bis-1536x1093.jpg 1536w, https:\/\/www.lerelaispourlemploi.fr\/wp-content\/images\/20240926-La-terre-est-notre-metier-1bis-2048x1458.jpg 2048w\" sizes=\"(max-width: 212px) 100vw, 212px\" \/> <img loading=\"lazy\" class=\"alignnone wp-image-2519\" src=\"https:\/\/www.lerelaispourlemploi.fr\/wp-content\/images\/20240926-La-terre-est-notre-metier-4-bis-546x306.jpg\" alt=\"\" width=\"276\" height=\"155\" srcset=\"https:\/\/www.lerelaispourlemploi.fr\/wp-content\/images\/20240926-La-terre-est-notre-metier-4-bis-546x306.jpg 546w, https:\/\/www.lerelaispourlemploi.fr\/wp-content\/images\/20240926-La-terre-est-notre-metier-4-bis-357x200.jpg 357w, https:\/\/www.lerelaispourlemploi.fr\/wp-content\/images\/20240926-La-terre-est-notre-metier-4-bis-768x431.jpg 768w, https:\/\/www.lerelaispourlemploi.fr\/wp-content\/images\/20240926-La-terre-est-notre-metier-4-bis-1536x861.jpg 1536w, https:\/\/www.lerelaispourlemploi.fr\/wp-content\/images\/20240926-La-terre-est-notre-metier-4-bis-2048x1148.jpg 2048w\" sizes=\"(max-width: 276px) 100vw, 276px\" \/><\/a><\/p>\n<p><a class=\"jardin\" href=\"https:\/\/www.lerelaispourlemploi.fr\/wp-content\/images\/S40-La-terre-est-notre-Metier.pdf\">S40- La terre est notre M\u00e9tier<\/a><\/p>\n<p>Le 24 et 25 septembre dernier a eu lieu le salon <strong>\u00ab\u00a0La terre est notre m\u00e9tier\u00a0\u00bb<\/strong> \u00e0 \u00a0\u00a0Retiers. Nombre de nos salari\u00e9s ont pu s\u2019y balader le temps d\u2019une demie journ\u00e9e et d\u00e9couvrir les exposants et conf\u00e9rences qui y sont propos\u00e9s.<\/p>\n<p>Le jeudi se tenait une conf\u00e9rence concernant\u00a0: <strong>\u00ab\u00a0La mise en place <\/strong><strong>de plantes de service pour favoriser la biodiversit\u00e9 fonctionnelle en mara\u00eechage\u00a0\u00bb<\/strong><strong>.<\/strong> Micha\u00ebl, notre chef de culture du jardin y \u00e9tait en tant qu\u2019intervenant aux c\u00f4t\u00e9s d\u2019ing\u00e9nieurs et sp\u00e9cialistes sur le sujet. Afin d\u2019illustrer ses propos, il a donn\u00e9 des exemples concrets tels que l\u2019implantation de plantes de service comme le souci, qui nous a permis d\u2019\u00e9radiquer l\u2019invasion de pucerons dans nos tomates. Micha\u00ebl travaille sur ce sujet depuis des ann\u00e9es avec <strong>Agro Bio 35. <\/strong>Et avec l\u2019aide du <strong>Dispositif Premi\u00e8res Heures en Chantier<\/strong>, nous avons pu implanter diverses vari\u00e9t\u00e9s de plantes et fleurs (panais, achill\u00e9e, tanaisie, bl\u00e9, souci\u2026) qui nous aident au quotidien \u00e0 pallier aux probl\u00e8mes des ravageurs. Les h\u00f4tels \u00e0 insectes, les nichoirs \u00e0 m\u00e9sanges et les perchoirs \u00e0 rapaces qui favorisent la biodiversit\u00e9, compl\u00e8tent ce dispositif. Agro Bio 35 a pu constater des r\u00e9sultats positifs sur les cultures li\u00e9es aux actions men\u00e9es.<\/p>\n","protected":false},"excerpt":{"rendered":"S40- La terre est notre M\u00e9tier Le 24 et 25 septembre dernier a eu lieu le salon \u00ab\u00a0La terre est notre m\u00e9tier\u00a0\u00bb \u00e0 \u00a0\u00a0Retiers. Nombre de nos salari\u00e9s ont pu s\u2019y balader le temps d\u2019une [&hellip;]","protected":false},"author":7,"featured_media":2521,"comment_status":"open","ping_status":"open","sticky":false,"template":"","format":"standard","meta":[],"categories":[2],"tags":[],"_links":{"self":[{"href":"https:\/\/www.lerelaispourlemploi.fr\/jardin\/wp-json\/wp\/v2\/posts\/2515"}],"collection":[{"href":"https:\/\/www.lerelaispourlemploi.fr\/jardin\/wp-json\/wp\/v2\/posts"}],"about":[{"href":"https:\/\/www.lerelaispourlemploi.fr\/jardin\/wp-json\/wp\/v2\/types\/post"}],"author":[{"embeddable":true,"href":"https:\/\/www.lerelaispourlemploi.fr\/jardin\/wp-json\/wp\/v2\/users\/7"}],"replies":[{"embeddable":true,"href":"https:\/\/www.lerelaispourlemploi.fr\/jardin\/wp-json\/wp\/v2\/comments?post=2515"}],"version-history":[{"count":3,"href":"https:\/\/www.lerelaispourlemploi.fr\/jardin\/wp-json\/wp\/v2\/posts\/2515\/revisions"}],"predecessor-version":[{"id":2523,"href":"https:\/\/www.lerelaispourlemploi.fr\/jardin\/wp-json\/wp\/v2\/posts\/2515\/revisions\/2523"}],"wp:featuredmedia":[{"embeddable":true,"href":"https:\/\/www.lerelaispourlemploi.fr\/jardin\/wp-json\/wp\/v2\/media\/2521"}],"wp:attachment":[{"href":"https:\/\/www.lerelaispourlemploi.fr\/jardin\/wp-json\/wp\/v2\/media?parent=2515"}],"wp:term":[{"taxonomy":"category","embeddable":true,"href":"https:\/\/www.lerelaispourlemploi.fr\/jardin\/wp-json\/wp\/v2\/categories?post=2515"},{"taxonomy":"post_tag","embeddable":true,"href":"https:\/\/www.lerelaispourlemploi.fr\/jardin\/wp-json\/wp\/v2\/tags?post=2515"}],"curies":[{"name":"wp","href":"https:\/\/api.w.org\/{rel}","templated":true}]}}