{"id":2524,"date":"2024-10-07T16:50:05","date_gmt":"2024-10-07T14:50:05","guid":{"rendered":"https:\/\/www.lerelaispourlemploi.fr\/jardin\/?p=2524"},"modified":"2024-10-07T16:50:05","modified_gmt":"2024-10-07T14:50:05","slug":"la-mission-locale-au-jardin","status":"publish","type":"post","link":"https:\/\/www.lerelaispourlemploi.fr\/jardin\/actualites\/la-mission-locale-au-jardin\/","title":{"rendered":"La Mission Locale au Jardin"},"content":{"rendered":"<p><img loading=\"lazy\" class=\"alignnone wp-image-2525\" src=\"https:\/\/www.lerelaispourlemploi.fr\/wp-content\/images\/20240924_111506-408x306.jpg\" alt=\"\" width=\"251\" height=\"188\" srcset=\"https:\/\/www.lerelaispourlemploi.fr\/wp-content\/images\/20240924_111506-408x306.jpg 408w, https:\/\/www.lerelaispourlemploi.fr\/wp-content\/images\/20240924_111506-267x200.jpg 267w, https:\/\/www.lerelaispourlemploi.fr\/wp-content\/images\/20240924_111506-768x576.jpg 768w, https:\/\/www.lerelaispourlemploi.fr\/wp-content\/images\/20240924_111506-1536x1152.jpg 1536w, https:\/\/www.lerelaispourlemploi.fr\/wp-content\/images\/20240924_111506-2048x1536.jpg 2048w\" sizes=\"(max-width: 251px) 100vw, 251px\" \/> <img loading=\"lazy\" class=\"alignnone wp-image-2526\" src=\"https:\/\/www.lerelaispourlemploi.fr\/wp-content\/images\/20240924_111519-408x306.jpg\" alt=\"\" width=\"255\" height=\"191\" srcset=\"https:\/\/www.lerelaispourlemploi.fr\/wp-content\/images\/20240924_111519-408x306.jpg 408w, https:\/\/www.lerelaispourlemploi.fr\/wp-content\/images\/20240924_111519-267x200.jpg 267w, https:\/\/www.lerelaispourlemploi.fr\/wp-content\/images\/20240924_111519-768x576.jpg 768w, https:\/\/www.lerelaispourlemploi.fr\/wp-content\/images\/20240924_111519-1536x1152.jpg 1536w, https:\/\/www.lerelaispourlemploi.fr\/wp-content\/images\/20240924_111519-2048x1536.jpg 2048w\" sizes=\"(max-width: 255px) 100vw, 255px\" \/><\/p>\n<p><a class=\"jardin\" href=\"https:\/\/www.lerelaispourlemploi.fr\/wp-content\/images\/S41-Journee-Decouverte-Mission-Locale.pdf\">S41- Journ\u00e9e D\u00e9couverte Mission Locale<\/a><\/p>\n<p>Le mardi 24 septembre 2024, 5 jeunes de la Mission Locale sont venus faire une visite au sein du jardin. Sachant que l\u2019objectif consistait \u00e0 faire d\u00e9couvrir diff\u00e9rents ateliers, \u00e0 savoir\u00a0:<\/p>\n<ul>\n<li>Les semis<\/li>\n<li>Les r\u00e9coltes (notamment les pommes de terre)<\/li>\n<li>Le d\u00e9sherbage<\/li>\n<li>La pr\u00e9paration de panier de l\u00e9gumes au magasin<\/li>\n<\/ul>\n<p>A l&rsquo;issue de cette journ\u00e9e, un bilan a \u00e9t\u00e9 effectu\u00e9 en toute convivialit\u00e9,\u00a0 partageant un go\u00fbter confectionn\u00e9 par le Dispositif Premi\u00e8res en Chantier. Les jeunes semblaient tr\u00e8s satisfaits de l\u2019accueil des salari\u00e9s tout au long de cette journ\u00e9e. D\u2019ailleurs, Quentin, l\u2019un d\u2019eux a int\u00e9gr\u00e9 le Dispositif Premi\u00e8res Heures ce lundi 07 octobre 2024.<\/p>\n<p>&nbsp;<\/p>\n","protected":false},"excerpt":{"rendered":"S41- Journ\u00e9e D\u00e9couverte Mission Locale Le mardi 24 septembre 2024, 5 jeunes de la Mission Locale sont venus faire une visite au sein du jardin. Sachant que l\u2019objectif consistait \u00e0 faire d\u00e9couvrir diff\u00e9rents ateliers, \u00e0 [&hellip;]","protected":false},"author":7,"featured_media":2527,"comment_status":"open","ping_status":"open","sticky":false,"template":"","format":"standard","meta":[],"categories":[2],"tags":[],"_links":{"self":[{"href":"https:\/\/www.lerelaispourlemploi.fr\/jardin\/wp-json\/wp\/v2\/posts\/2524"}],"collection":[{"href":"https:\/\/www.lerelaispourlemploi.fr\/jardin\/wp-json\/wp\/v2\/posts"}],"about":[{"href":"https:\/\/www.lerelaispourlemploi.fr\/jardin\/wp-json\/wp\/v2\/types\/post"}],"author":[{"embeddable":true,"href":"https:\/\/www.lerelaispourlemploi.fr\/jardin\/wp-json\/wp\/v2\/users\/7"}],"replies":[{"embeddable":true,"href":"https:\/\/www.lerelaispourlemploi.fr\/jardin\/wp-json\/wp\/v2\/comments?post=2524"}],"version-history":[{"count":2,"href":"https:\/\/www.lerelaispourlemploi.fr\/jardin\/wp-json\/wp\/v2\/posts\/2524\/revisions"}],"predecessor-version":[{"id":2530,"href":"https:\/\/www.lerelaispourlemploi.fr\/jardin\/wp-json\/wp\/v2\/posts\/2524\/revisions\/2530"}],"wp:featuredmedia":[{"embeddable":true,"href":"https:\/\/www.lerelaispourlemploi.fr\/jardin\/wp-json\/wp\/v2\/media\/2527"}],"wp:attachment":[{"href":"https:\/\/www.lerelaispourlemploi.fr\/jardin\/wp-json\/wp\/v2\/media?parent=2524"}],"wp:term":[{"taxonomy":"category","embeddable":true,"href":"https:\/\/www.lerelaispourlemploi.fr\/jardin\/wp-json\/wp\/v2\/categories?post=2524"},{"taxonomy":"post_tag","embeddable":true,"href":"https:\/\/www.lerelaispourlemploi.fr\/jardin\/wp-json\/wp\/v2\/tags?post=2524"}],"curies":[{"name":"wp","href":"https:\/\/api.w.org\/{rel}","templated":true}]}}