{"id":2555,"date":"2024-10-24T13:56:05","date_gmt":"2024-10-24T11:56:05","guid":{"rendered":"https:\/\/www.lerelaispourlemploi.fr\/jardin\/?p=2555"},"modified":"2024-10-24T14:13:06","modified_gmt":"2024-10-24T12:13:06","slug":"la-degustation-de-piments","status":"publish","type":"post","link":"https:\/\/www.lerelaispourlemploi.fr\/jardin\/actualites\/la-degustation-de-piments\/","title":{"rendered":"La d\u00e9gustation de piments"},"content":{"rendered":"<p><a class=\"jardin\" href=\"https:\/\/www.lerelaispourlemploi.fr\/wp-content\/images\/S43-Degustation-de-Piments.pdf\">S43- D\u00e9gustation de Piments<\/a><\/p>\n<p>Ce vendredi 18 octobre 2024 de 09h00 \u00e0 12h00, Nicolas, salari\u00e9 du Dispositif Premi\u00e8res Heures en Chantier a anim\u00e9 un atelier de d\u00e9gustation de piments aupr\u00e8s de nos adh\u00e9rents au sein du magasin. Nombreux ont \u00e9t\u00e9 surpris de la diff\u00e9rence gustative de ces divers vari\u00e9t\u00e9s, \u00e0 savoir : Oda (poivrons violets : pr\u00e9coce, originaire de Pologne), Yolo Wonder (de diff\u00e9rentes couleurs en fonction du stade de maturit\u00e9), Corne de Taureau (piments longs rouge et jaunes), piment doux des Landes (chaire \u00e9paisse non piquante), les piments au go\u00fbt sucr\u00e9 : Radja (jaune), flynn (orange), \u00a0\u00a0\u00a0\u00a0Arwen (rouge), Mandarine (jaune). Et pour terminer, la vari\u00e9t\u00e9 Kyra. Ce piment orange qui est aussi nomm\u00e9e corne de ch\u00e8vre, qui est sans aucun doute mon pr\u00e9f\u00e9r\u00e9, de part son aspect croquant et son go\u00fbt tr\u00e8s fruit\u00e9 et sucr\u00e9. Avis aux amateurs !!!<\/p>\n<p><img loading=\"lazy\" class=\"alignnone size-medium wp-image-2558\" src=\"https:\/\/www.lerelaispourlemploi.fr\/wp-content\/images\/Affiche-Degustation-Piment-216x306.png\" alt=\"\" width=\"216\" height=\"306\" srcset=\"https:\/\/www.lerelaispourlemploi.fr\/wp-content\/images\/Affiche-Degustation-Piment-216x306.png 216w, https:\/\/www.lerelaispourlemploi.fr\/wp-content\/images\/Affiche-Degustation-Piment-141x200.png 141w, https:\/\/www.lerelaispourlemploi.fr\/wp-content\/images\/Affiche-Degustation-Piment-768x1086.png 768w, https:\/\/www.lerelaispourlemploi.fr\/wp-content\/images\/Affiche-Degustation-Piment-1086x1536.png 1086w, https:\/\/www.lerelaispourlemploi.fr\/wp-content\/images\/Affiche-Degustation-Piment.png 1414w\" sizes=\"(max-width: 216px) 100vw, 216px\" \/><\/p>\n","protected":false},"excerpt":{"rendered":"S43- D\u00e9gustation de Piments Ce vendredi 18 octobre 2024 de 09h00 \u00e0 12h00, Nicolas, salari\u00e9 du Dispositif Premi\u00e8res Heures en Chantier a anim\u00e9 un atelier de d\u00e9gustation de piments aupr\u00e8s de nos adh\u00e9rents au sein [&hellip;]","protected":false},"author":7,"featured_media":2557,"comment_status":"open","ping_status":"open","sticky":false,"template":"","format":"standard","meta":[],"categories":[2],"tags":[],"_links":{"self":[{"href":"https:\/\/www.lerelaispourlemploi.fr\/jardin\/wp-json\/wp\/v2\/posts\/2555"}],"collection":[{"href":"https:\/\/www.lerelaispourlemploi.fr\/jardin\/wp-json\/wp\/v2\/posts"}],"about":[{"href":"https:\/\/www.lerelaispourlemploi.fr\/jardin\/wp-json\/wp\/v2\/types\/post"}],"author":[{"embeddable":true,"href":"https:\/\/www.lerelaispourlemploi.fr\/jardin\/wp-json\/wp\/v2\/users\/7"}],"replies":[{"embeddable":true,"href":"https:\/\/www.lerelaispourlemploi.fr\/jardin\/wp-json\/wp\/v2\/comments?post=2555"}],"version-history":[{"count":2,"href":"https:\/\/www.lerelaispourlemploi.fr\/jardin\/wp-json\/wp\/v2\/posts\/2555\/revisions"}],"predecessor-version":[{"id":2560,"href":"https:\/\/www.lerelaispourlemploi.fr\/jardin\/wp-json\/wp\/v2\/posts\/2555\/revisions\/2560"}],"wp:featuredmedia":[{"embeddable":true,"href":"https:\/\/www.lerelaispourlemploi.fr\/jardin\/wp-json\/wp\/v2\/media\/2557"}],"wp:attachment":[{"href":"https:\/\/www.lerelaispourlemploi.fr\/jardin\/wp-json\/wp\/v2\/media?parent=2555"}],"wp:term":[{"taxonomy":"category","embeddable":true,"href":"https:\/\/www.lerelaispourlemploi.fr\/jardin\/wp-json\/wp\/v2\/categories?post=2555"},{"taxonomy":"post_tag","embeddable":true,"href":"https:\/\/www.lerelaispourlemploi.fr\/jardin\/wp-json\/wp\/v2\/tags?post=2555"}],"curies":[{"name":"wp","href":"https:\/\/api.w.org\/{rel}","templated":true}]}}