{"id":2611,"date":"2024-12-20T18:18:29","date_gmt":"2024-12-20T17:18:29","guid":{"rendered":"https:\/\/www.lerelaispourlemploi.fr\/jardin\/?p=2611"},"modified":"2024-12-20T18:20:19","modified_gmt":"2024-12-20T17:20:19","slug":"joyeuses-fetes","status":"publish","type":"post","link":"https:\/\/www.lerelaispourlemploi.fr\/jardin\/actualites\/joyeuses-fetes\/","title":{"rendered":"Joyeuses F\u00eates"},"content":{"rendered":"<p><a class=\"jardin\" href=\"https:\/\/www.lerelaispourlemploi.fr\/wp-content\/images\/S52-Joyeuses-Fetes-1.pdf\">S52- Joyeuses F\u00eates<\/a><\/p>\n<p>Nous vous souhaitons de tr\u00e8s bonnes f\u00eates de fin d\u2019ann\u00e9e 2024<\/p>\n<p><img loading=\"lazy\" class=\" wp-image-2612 alignleft\" src=\"https:\/\/www.lerelaispourlemploi.fr\/wp-content\/images\/20241216-Noel-au-jardin-6bis-1-210x306.jpg\" alt=\"\" width=\"205\" height=\"298\" srcset=\"https:\/\/www.lerelaispourlemploi.fr\/wp-content\/images\/20241216-Noel-au-jardin-6bis-1-210x306.jpg 210w, https:\/\/www.lerelaispourlemploi.fr\/wp-content\/images\/20241216-Noel-au-jardin-6bis-1-137x200.jpg 137w, https:\/\/www.lerelaispourlemploi.fr\/wp-content\/images\/20241216-Noel-au-jardin-6bis-1-768x1120.jpg 768w, https:\/\/www.lerelaispourlemploi.fr\/wp-content\/images\/20241216-Noel-au-jardin-6bis-1-1053x1536.jpg 1053w, https:\/\/www.lerelaispourlemploi.fr\/wp-content\/images\/20241216-Noel-au-jardin-6bis-1-1404x2048.jpg 1404w, https:\/\/www.lerelaispourlemploi.fr\/wp-content\/images\/20241216-Noel-au-jardin-6bis-1-scaled.jpg 1755w\" sizes=\"(max-width: 205px) 100vw, 205px\" \/> <img loading=\"lazy\" class=\"alignnone size-medium wp-image-2613\" src=\"https:\/\/www.lerelaispourlemploi.fr\/wp-content\/images\/20241216-Noel-au-jardin-7bis-1-214x306.jpg\" alt=\"\" width=\"214\" height=\"306\" srcset=\"https:\/\/www.lerelaispourlemploi.fr\/wp-content\/images\/20241216-Noel-au-jardin-7bis-1-214x306.jpg 214w, https:\/\/www.lerelaispourlemploi.fr\/wp-content\/images\/20241216-Noel-au-jardin-7bis-1-140x200.jpg 140w, https:\/\/www.lerelaispourlemploi.fr\/wp-content\/images\/20241216-Noel-au-jardin-7bis-1-768x1097.jpg 768w, https:\/\/www.lerelaispourlemploi.fr\/wp-content\/images\/20241216-Noel-au-jardin-7bis-1-1075x1536.jpg 1075w, https:\/\/www.lerelaispourlemploi.fr\/wp-content\/images\/20241216-Noel-au-jardin-7bis-1-1434x2048.jpg 1434w, https:\/\/www.lerelaispourlemploi.fr\/wp-content\/images\/20241216-Noel-au-jardin-7bis-1-scaled.jpg 1792w\" sizes=\"(max-width: 214px) 100vw, 214px\" \/> <img loading=\"lazy\" class=\"alignnone size-medium wp-image-2614\" src=\"https:\/\/www.lerelaispourlemploi.fr\/wp-content\/images\/20241216-Noel-au-jardin-9bis-1-255x306.jpg\" alt=\"\" width=\"255\" height=\"306\" srcset=\"https:\/\/www.lerelaispourlemploi.fr\/wp-content\/images\/20241216-Noel-au-jardin-9bis-1-255x306.jpg 255w, https:\/\/www.lerelaispourlemploi.fr\/wp-content\/images\/20241216-Noel-au-jardin-9bis-1-167x200.jpg 167w, https:\/\/www.lerelaispourlemploi.fr\/wp-content\/images\/20241216-Noel-au-jardin-9bis-1-768x921.jpg 768w, https:\/\/www.lerelaispourlemploi.fr\/wp-content\/images\/20241216-Noel-au-jardin-9bis-1-1281x1536.jpg 1281w, https:\/\/www.lerelaispourlemploi.fr\/wp-content\/images\/20241216-Noel-au-jardin-9bis-1-1708x2048.jpg 1708w\" sizes=\"(max-width: 255px) 100vw, 255px\" \/> <img loading=\"lazy\" class=\"alignnone size-medium wp-image-2615\" src=\"https:\/\/www.lerelaispourlemploi.fr\/wp-content\/images\/20241216-Noel-au-jardin-8bis-1-199x306.jpg\" alt=\"\" width=\"199\" height=\"306\" srcset=\"https:\/\/www.lerelaispourlemploi.fr\/wp-content\/images\/20241216-Noel-au-jardin-8bis-1-199x306.jpg 199w, https:\/\/www.lerelaispourlemploi.fr\/wp-content\/images\/20241216-Noel-au-jardin-8bis-1-130x200.jpg 130w, https:\/\/www.lerelaispourlemploi.fr\/wp-content\/images\/20241216-Noel-au-jardin-8bis-1-768x1183.jpg 768w, https:\/\/www.lerelaispourlemploi.fr\/wp-content\/images\/20241216-Noel-au-jardin-8bis-1-997x1536.jpg 997w, https:\/\/www.lerelaispourlemploi.fr\/wp-content\/images\/20241216-Noel-au-jardin-8bis-1-1329x2048.jpg 1329w, https:\/\/www.lerelaispourlemploi.fr\/wp-content\/images\/20241216-Noel-au-jardin-8bis-1-scaled.jpg 1662w\" sizes=\"(max-width: 199px) 100vw, 199px\" \/><\/p>\n<p>RDV \u00e0 la Rentr\u00e9e de 2025 pour de nouvelles aventures\u00a0!!!!<\/p>\n","protected":false},"excerpt":{"rendered":"S52- Joyeuses F\u00eates Nous vous souhaitons de tr\u00e8s bonnes f\u00eates de fin d\u2019ann\u00e9e 2024 RDV \u00e0 la Rentr\u00e9e de 2025 pour de nouvelles aventures\u00a0!!!!","protected":false},"author":7,"featured_media":2616,"comment_status":"open","ping_status":"open","sticky":false,"template":"","format":"standard","meta":[],"categories":[2],"tags":[],"_links":{"self":[{"href":"https:\/\/www.lerelaispourlemploi.fr\/jardin\/wp-json\/wp\/v2\/posts\/2611"}],"collection":[{"href":"https:\/\/www.lerelaispourlemploi.fr\/jardin\/wp-json\/wp\/v2\/posts"}],"about":[{"href":"https:\/\/www.lerelaispourlemploi.fr\/jardin\/wp-json\/wp\/v2\/types\/post"}],"author":[{"embeddable":true,"href":"https:\/\/www.lerelaispourlemploi.fr\/jardin\/wp-json\/wp\/v2\/users\/7"}],"replies":[{"embeddable":true,"href":"https:\/\/www.lerelaispourlemploi.fr\/jardin\/wp-json\/wp\/v2\/comments?post=2611"}],"version-history":[{"count":4,"href":"https:\/\/www.lerelaispourlemploi.fr\/jardin\/wp-json\/wp\/v2\/posts\/2611\/revisions"}],"predecessor-version":[{"id":2621,"href":"https:\/\/www.lerelaispourlemploi.fr\/jardin\/wp-json\/wp\/v2\/posts\/2611\/revisions\/2621"}],"wp:featuredmedia":[{"embeddable":true,"href":"https:\/\/www.lerelaispourlemploi.fr\/jardin\/wp-json\/wp\/v2\/media\/2616"}],"wp:attachment":[{"href":"https:\/\/www.lerelaispourlemploi.fr\/jardin\/wp-json\/wp\/v2\/media?parent=2611"}],"wp:term":[{"taxonomy":"category","embeddable":true,"href":"https:\/\/www.lerelaispourlemploi.fr\/jardin\/wp-json\/wp\/v2\/categories?post=2611"},{"taxonomy":"post_tag","embeddable":true,"href":"https:\/\/www.lerelaispourlemploi.fr\/jardin\/wp-json\/wp\/v2\/tags?post=2611"}],"curies":[{"name":"wp","href":"https:\/\/api.w.org\/{rel}","templated":true}]}}