{"id":2630,"date":"2025-01-13T16:46:43","date_gmt":"2025-01-13T15:46:43","guid":{"rendered":"https:\/\/www.lerelaispourlemploi.fr\/jardin\/?p=2630"},"modified":"2025-01-13T16:54:23","modified_gmt":"2025-01-13T15:54:23","slug":"s03-atelier-cuisine-phc-au-jardin","status":"publish","type":"post","link":"https:\/\/www.lerelaispourlemploi.fr\/jardin\/actualites\/s03-atelier-cuisine-phc-au-jardin\/","title":{"rendered":"S03- Atelier cuisine PHC au Jardin"},"content":{"rendered":"<p><img loading=\"lazy\" class=\"alignnone size-medium wp-image-2633\" src=\"https:\/\/www.lerelaispourlemploi.fr\/wp-content\/images\/20250113-Atelier-Cuisine-PHC-2bis-250x306.jpg\" alt=\"\" width=\"250\" height=\"306\" srcset=\"https:\/\/www.lerelaispourlemploi.fr\/wp-content\/images\/20250113-Atelier-Cuisine-PHC-2bis-250x306.jpg 250w, https:\/\/www.lerelaispourlemploi.fr\/wp-content\/images\/20250113-Atelier-Cuisine-PHC-2bis-163x200.jpg 163w, https:\/\/www.lerelaispourlemploi.fr\/wp-content\/images\/20250113-Atelier-Cuisine-PHC-2bis-768x942.jpg 768w, https:\/\/www.lerelaispourlemploi.fr\/wp-content\/images\/20250113-Atelier-Cuisine-PHC-2bis-1253x1536.jpg 1253w, https:\/\/www.lerelaispourlemploi.fr\/wp-content\/images\/20250113-Atelier-Cuisine-PHC-2bis-1670x2048.jpg 1670w\" sizes=\"(max-width: 250px) 100vw, 250px\" \/><img loading=\"lazy\" class=\"alignnone size-medium wp-image-2634\" src=\"https:\/\/www.lerelaispourlemploi.fr\/wp-content\/images\/20250113-Atelier-Cuisine-PHC-3bis-277x306.jpg\" alt=\"\" width=\"277\" height=\"306\" srcset=\"https:\/\/www.lerelaispourlemploi.fr\/wp-content\/images\/20250113-Atelier-Cuisine-PHC-3bis-277x306.jpg 277w, https:\/\/www.lerelaispourlemploi.fr\/wp-content\/images\/20250113-Atelier-Cuisine-PHC-3bis-181x200.jpg 181w, https:\/\/www.lerelaispourlemploi.fr\/wp-content\/images\/20250113-Atelier-Cuisine-PHC-3bis-768x848.jpg 768w, https:\/\/www.lerelaispourlemploi.fr\/wp-content\/images\/20250113-Atelier-Cuisine-PHC-3bis-1392x1536.jpg 1392w, https:\/\/www.lerelaispourlemploi.fr\/wp-content\/images\/20250113-Atelier-Cuisine-PHC-3bis-1856x2048.jpg 1856w\" sizes=\"(max-width: 277px) 100vw, 277px\" \/><\/p>\n<p><a class=\"jardin\" href=\"https:\/\/www.lerelaispourlemploi.fr\/wp-content\/images\/S03-Atelier-Cuisine-PHC.pdf\">S03- Atelier Cuisine PHC<\/a><\/p>\n<p>Pour notre plus grand plaisir, les ateliers de cuisine du Dispositif Premi\u00e8res Heures en Chantier du lundi ont repris le lundi 06 janvier 2025. A cette occasion, la semaine derni\u00e8re, nous vous avons partag\u00e9 la recette de la tarte aux oignons.<\/p>\n<p>Cette semaine, les salari\u00e9s en parcours de PHC, accompagn\u00e9s de Myrtille\u00a0et Jordan nous ont propos\u00e9 :<\/p>\n<ul>\n<li>Un potage avec les l\u00e9gumes du jardin<\/li>\n<li>Un gratin de pommes de terre et poireaux<\/li>\n<li>Une salade de radis et de chou rouge<\/li>\n<li>Une galette des rois \u00e0 la courge siam et \u00e0 la confiture d\u2019abricot.<\/li>\n<\/ul>\n<p>Une fois de plus, nous nous sommes r\u00e9gal\u00e9s. Merci \u00e0 toute l\u2019\u00e9quipe de PHC\u00a0!!!<\/p>\n","protected":false},"excerpt":{"rendered":"S03- Atelier Cuisine PHC Pour notre plus grand plaisir, les ateliers de cuisine du Dispositif Premi\u00e8res Heures en Chantier du lundi ont repris le lundi 06 janvier 2025. A cette occasion, la semaine derni\u00e8re, nous [&hellip;]","protected":false},"author":7,"featured_media":2632,"comment_status":"open","ping_status":"open","sticky":false,"template":"","format":"standard","meta":[],"categories":[2],"tags":[],"_links":{"self":[{"href":"https:\/\/www.lerelaispourlemploi.fr\/jardin\/wp-json\/wp\/v2\/posts\/2630"}],"collection":[{"href":"https:\/\/www.lerelaispourlemploi.fr\/jardin\/wp-json\/wp\/v2\/posts"}],"about":[{"href":"https:\/\/www.lerelaispourlemploi.fr\/jardin\/wp-json\/wp\/v2\/types\/post"}],"author":[{"embeddable":true,"href":"https:\/\/www.lerelaispourlemploi.fr\/jardin\/wp-json\/wp\/v2\/users\/7"}],"replies":[{"embeddable":true,"href":"https:\/\/www.lerelaispourlemploi.fr\/jardin\/wp-json\/wp\/v2\/comments?post=2630"}],"version-history":[{"count":6,"href":"https:\/\/www.lerelaispourlemploi.fr\/jardin\/wp-json\/wp\/v2\/posts\/2630\/revisions"}],"predecessor-version":[{"id":2640,"href":"https:\/\/www.lerelaispourlemploi.fr\/jardin\/wp-json\/wp\/v2\/posts\/2630\/revisions\/2640"}],"wp:featuredmedia":[{"embeddable":true,"href":"https:\/\/www.lerelaispourlemploi.fr\/jardin\/wp-json\/wp\/v2\/media\/2632"}],"wp:attachment":[{"href":"https:\/\/www.lerelaispourlemploi.fr\/jardin\/wp-json\/wp\/v2\/media?parent=2630"}],"wp:term":[{"taxonomy":"category","embeddable":true,"href":"https:\/\/www.lerelaispourlemploi.fr\/jardin\/wp-json\/wp\/v2\/categories?post=2630"},{"taxonomy":"post_tag","embeddable":true,"href":"https:\/\/www.lerelaispourlemploi.fr\/jardin\/wp-json\/wp\/v2\/tags?post=2630"}],"curies":[{"name":"wp","href":"https:\/\/api.w.org\/{rel}","templated":true}]}}