{"id":2662,"date":"2025-01-30T16:04:33","date_gmt":"2025-01-30T15:04:33","guid":{"rendered":"https:\/\/www.lerelaispourlemploi.fr\/jardin\/?p=2662"},"modified":"2025-01-30T16:04:33","modified_gmt":"2025-01-30T15:04:33","slug":"passez-en-mode-service-civique","status":"publish","type":"post","link":"https:\/\/www.lerelaispourlemploi.fr\/jardin\/actualites\/passez-en-mode-service-civique\/","title":{"rendered":"Passez en mode : Service Civique"},"content":{"rendered":"<p>Votre c\u0153ur balance entre jardin, bien manger et solidarit\u00e9. N&rsquo;h\u00e9sitez plus ! Passez en mode service civique au \u00ab\u00a0Pays fait son Jardin\u00a0\u00bb.<\/p>\n<p>Pour plus d\u2019infos, rendez vous sur :<a class=\"jardin\" class=\"jardin\" href=\"https:\/\/www.service-civique.gouv.fr\/trouver-ma-mission\/accompagner-la-vie-associative-des-jardins-de-cocagne-et-les-faire-rayonner-sur-leur-territoire-67937442c87fc6255e040bc7\">Mission : Accompagner la vie associative des Jardins de Cocagne et les faire rayonner sur leur territoire. LE THEIL-DE-BRETAGNE 35240<\/a><\/p>\n<p><a class=\"jardin\" href=\"https:\/\/www.lerelaispourlemploi.fr\/wp-content\/images\/service-civique-2025.pdf\">service civique 2025<\/a><\/p>\n<p><img loading=\"lazy\" class=\"alignnone size-medium wp-image-2660\" src=\"https:\/\/www.lerelaispourlemploi.fr\/wp-content\/images\/service-civique-216x306.jpg\" alt=\"\" width=\"216\" height=\"306\" srcset=\"https:\/\/www.lerelaispourlemploi.fr\/wp-content\/images\/service-civique-216x306.jpg 216w, https:\/\/www.lerelaispourlemploi.fr\/wp-content\/images\/service-civique-141x200.jpg 141w, https:\/\/www.lerelaispourlemploi.fr\/wp-content\/images\/service-civique-768x1086.jpg 768w, https:\/\/www.lerelaispourlemploi.fr\/wp-content\/images\/service-civique-1086x1536.jpg 1086w, https:\/\/www.lerelaispourlemploi.fr\/wp-content\/images\/service-civique.jpg 1414w\" sizes=\"(max-width: 216px) 100vw, 216px\" \/><\/p>\n","protected":false},"excerpt":{"rendered":"Votre c\u0153ur balance entre jardin, bien manger et solidarit\u00e9. N&rsquo;h\u00e9sitez plus ! Passez en mode service civique au \u00ab\u00a0Pays fait son Jardin\u00a0\u00bb. Pour plus d\u2019infos, rendez vous sur :Mission : Accompagner la vie associative des [&hellip;]","protected":false},"author":5,"featured_media":2660,"comment_status":"open","ping_status":"open","sticky":false,"template":"","format":"standard","meta":[],"categories":[2],"tags":[],"_links":{"self":[{"href":"https:\/\/www.lerelaispourlemploi.fr\/jardin\/wp-json\/wp\/v2\/posts\/2662"}],"collection":[{"href":"https:\/\/www.lerelaispourlemploi.fr\/jardin\/wp-json\/wp\/v2\/posts"}],"about":[{"href":"https:\/\/www.lerelaispourlemploi.fr\/jardin\/wp-json\/wp\/v2\/types\/post"}],"author":[{"embeddable":true,"href":"https:\/\/www.lerelaispourlemploi.fr\/jardin\/wp-json\/wp\/v2\/users\/5"}],"replies":[{"embeddable":true,"href":"https:\/\/www.lerelaispourlemploi.fr\/jardin\/wp-json\/wp\/v2\/comments?post=2662"}],"version-history":[{"count":1,"href":"https:\/\/www.lerelaispourlemploi.fr\/jardin\/wp-json\/wp\/v2\/posts\/2662\/revisions"}],"predecessor-version":[{"id":2663,"href":"https:\/\/www.lerelaispourlemploi.fr\/jardin\/wp-json\/wp\/v2\/posts\/2662\/revisions\/2663"}],"wp:featuredmedia":[{"embeddable":true,"href":"https:\/\/www.lerelaispourlemploi.fr\/jardin\/wp-json\/wp\/v2\/media\/2660"}],"wp:attachment":[{"href":"https:\/\/www.lerelaispourlemploi.fr\/jardin\/wp-json\/wp\/v2\/media?parent=2662"}],"wp:term":[{"taxonomy":"category","embeddable":true,"href":"https:\/\/www.lerelaispourlemploi.fr\/jardin\/wp-json\/wp\/v2\/categories?post=2662"},{"taxonomy":"post_tag","embeddable":true,"href":"https:\/\/www.lerelaispourlemploi.fr\/jardin\/wp-json\/wp\/v2\/tags?post=2662"}],"curies":[{"name":"wp","href":"https:\/\/api.w.org\/{rel}","templated":true}]}}