{"id":2676,"date":"2025-02-17T17:03:01","date_gmt":"2025-02-17T16:03:01","guid":{"rendered":"https:\/\/www.lerelaispourlemploi.fr\/jardin\/?p=2676"},"modified":"2025-02-17T17:03:09","modified_gmt":"2025-02-17T16:03:09","slug":"s07-la-formation-tracteur","status":"publish","type":"post","link":"https:\/\/www.lerelaispourlemploi.fr\/jardin\/actualites\/s07-la-formation-tracteur\/","title":{"rendered":"S07 &#8211; La Formation Tracteur"},"content":{"rendered":"<p><a class=\"jardin\" href=\"https:\/\/www.lerelaispourlemploi.fr\/wp-content\/images\/S07-Formation-Tracteur.pdf\">S07- Formation Tracteur<\/a><\/p>\n<p><img loading=\"lazy\" class=\"alignnone size-medium wp-image-2679\" src=\"https:\/\/www.lerelaispourlemploi.fr\/wp-content\/images\/20250210_111918-408x306.jpg\" alt=\"\" width=\"408\" height=\"306\" srcset=\"https:\/\/www.lerelaispourlemploi.fr\/wp-content\/images\/20250210_111918-408x306.jpg 408w, https:\/\/www.lerelaispourlemploi.fr\/wp-content\/images\/20250210_111918-267x200.jpg 267w, https:\/\/www.lerelaispourlemploi.fr\/wp-content\/images\/20250210_111918-768x576.jpg 768w, https:\/\/www.lerelaispourlemploi.fr\/wp-content\/images\/20250210_111918-1536x1152.jpg 1536w, https:\/\/www.lerelaispourlemploi.fr\/wp-content\/images\/20250210_111918-2048x1536.jpg 2048w\" sizes=\"(max-width: 408px) 100vw, 408px\" \/><img loading=\"lazy\" class=\"alignnone size-medium wp-image-2681\" src=\"https:\/\/www.lerelaispourlemploi.fr\/wp-content\/images\/PXL_20250204_102612217-408x306.jpg\" alt=\"\" width=\"408\" height=\"306\" srcset=\"https:\/\/www.lerelaispourlemploi.fr\/wp-content\/images\/PXL_20250204_102612217-408x306.jpg 408w, https:\/\/www.lerelaispourlemploi.fr\/wp-content\/images\/PXL_20250204_102612217-267x200.jpg 267w, https:\/\/www.lerelaispourlemploi.fr\/wp-content\/images\/PXL_20250204_102612217-768x576.jpg 768w, https:\/\/www.lerelaispourlemploi.fr\/wp-content\/images\/PXL_20250204_102612217-1536x1152.jpg 1536w, https:\/\/www.lerelaispourlemploi.fr\/wp-content\/images\/PXL_20250204_102612217-2048x1536.jpg 2048w\" sizes=\"(max-width: 408px) 100vw, 408px\" \/><\/p>\n<p>Le jardin, c\u2019est avant toute chose un lieu de formation. Xavier, notre conducteur de tracteur et l\u2019\u00e9quipe encadrante ont form\u00e9 5 salari\u00e9s en parcours sur 4 demi-journ\u00e9es, partageant ainsi leur savoir- faire.<\/p>\n<p>Cette formation consistait \u00e0\u00a0:<\/p>\n<ul>\n<li>Pr\u00e9senter et expliquer le fonctionnement du tracteur<\/li>\n<li>Donner les consignes de conduite<\/li>\n<li>Sensibiliser et former sur les r\u00e8gles de s\u00e9curit\u00e9<\/li>\n<li>Se d\u00e9placer sur un parcours donn\u00e9<\/li>\n<li>Aborder la prise de force<\/li>\n<li>Atteler le tracteur avec diff\u00e9rents outils (\u2026)<\/li>\n<\/ul>\n<p>L\u2019objectif \u00e9tant de former de nouveaux tractoristes au sein de notre jardin et de d\u00e9velopper de nouvelles comp\u00e9tences, en toute convivialit\u00e9. Par la suite, ils auront<\/p>\n<p>l\u2019occasion de pratiquer la conduite sur route et dans les champs.<\/p>\n<p>Dans l\u2019attente du soleil\u00a0et d\u2019un sol porteur !!!!<\/p>\n<p>&nbsp;<\/p>\n<p>&nbsp;<\/p>\n","protected":false},"excerpt":{"rendered":"S07- Formation Tracteur Le jardin, c\u2019est avant toute chose un lieu de formation. Xavier, notre conducteur de tracteur et l\u2019\u00e9quipe encadrante ont form\u00e9 5 salari\u00e9s en parcours sur 4 demi-journ\u00e9es, partageant ainsi leur savoir- faire. [&hellip;]","protected":false},"author":7,"featured_media":2680,"comment_status":"open","ping_status":"open","sticky":false,"template":"","format":"standard","meta":[],"categories":[2],"tags":[],"_links":{"self":[{"href":"https:\/\/www.lerelaispourlemploi.fr\/jardin\/wp-json\/wp\/v2\/posts\/2676"}],"collection":[{"href":"https:\/\/www.lerelaispourlemploi.fr\/jardin\/wp-json\/wp\/v2\/posts"}],"about":[{"href":"https:\/\/www.lerelaispourlemploi.fr\/jardin\/wp-json\/wp\/v2\/types\/post"}],"author":[{"embeddable":true,"href":"https:\/\/www.lerelaispourlemploi.fr\/jardin\/wp-json\/wp\/v2\/users\/7"}],"replies":[{"embeddable":true,"href":"https:\/\/www.lerelaispourlemploi.fr\/jardin\/wp-json\/wp\/v2\/comments?post=2676"}],"version-history":[{"count":1,"href":"https:\/\/www.lerelaispourlemploi.fr\/jardin\/wp-json\/wp\/v2\/posts\/2676\/revisions"}],"predecessor-version":[{"id":2682,"href":"https:\/\/www.lerelaispourlemploi.fr\/jardin\/wp-json\/wp\/v2\/posts\/2676\/revisions\/2682"}],"wp:featuredmedia":[{"embeddable":true,"href":"https:\/\/www.lerelaispourlemploi.fr\/jardin\/wp-json\/wp\/v2\/media\/2680"}],"wp:attachment":[{"href":"https:\/\/www.lerelaispourlemploi.fr\/jardin\/wp-json\/wp\/v2\/media?parent=2676"}],"wp:term":[{"taxonomy":"category","embeddable":true,"href":"https:\/\/www.lerelaispourlemploi.fr\/jardin\/wp-json\/wp\/v2\/categories?post=2676"},{"taxonomy":"post_tag","embeddable":true,"href":"https:\/\/www.lerelaispourlemploi.fr\/jardin\/wp-json\/wp\/v2\/tags?post=2676"}],"curies":[{"name":"wp","href":"https:\/\/api.w.org\/{rel}","templated":true}]}}