{"id":2722,"date":"2025-03-10T16:17:44","date_gmt":"2025-03-10T15:17:44","guid":{"rendered":"https:\/\/www.lerelaispourlemploi.fr\/jardin\/?p=2722"},"modified":"2025-03-10T16:17:44","modified_gmt":"2025-03-10T15:17:44","slug":"s11-portrait-de-jennifer","status":"publish","type":"post","link":"https:\/\/www.lerelaispourlemploi.fr\/jardin\/actualites\/s11-portrait-de-jennifer\/","title":{"rendered":"S11 &#8211; Portrait de Jennifer"},"content":{"rendered":"<p><a class=\"jardin\" href=\"https:\/\/www.lerelaispourlemploi.fr\/wp-content\/images\/S11-Portrait-de-Jennifer.pdf\">S11- Portrait de Jennifer<\/a><\/p>\n<p>Voici le t\u00e9moignage de Jenn\u00a0qui est partie vers de nouvelles aventures :<\/p>\n<p>\u00ab Je suis venue ici pour faire un bilan sur ma vie professionnelle. J\u2019ai quitt\u00e9 la restauration pendant le COVID et me suis pos\u00e9e des questions. En voyant l\u2019annonce, je me suis dit pourquoi pas ; c\u2019est en lien avec la nature, chose que j\u2019aime. J\u2019ai \u00e9t\u00e9 recrut\u00e9 en mai 2024 puis form\u00e9 \u00e0 diff\u00e9rents postes : semi, plantation, d\u00e9sherbage, r\u00e9colte, pr\u00e9paration des paniers, accueil client\u00e8le et livraison. Plein de choses vari\u00e9es qui ont pu m\u2019enrichir. \u00a0Le temps a pass\u00e9, cela a m\u00fbri dans ma t\u00eate. J\u2019ai fait un stage dans le milieu animalier qui m\u2019a montr\u00e9 que ce n\u2019\u00e9tait pas pour moi et que ce milieu n\u2019\u00e9tait pas porteur. J\u2019ai donc continu\u00e9 \u00e0 r\u00e9fl\u00e9chir sur mon avenir pro et me suis tourn\u00e9e vers une formation CQP Vendeur Conseil Cr\u00e9mier Fromager. J\u2019aime la gastronomie fran\u00e7aise, cela a suscit\u00e9 ma curiosit\u00e9. Je pars dans un jardin de cocagne dans une autre r\u00e9gion, durant quelques mois, afin de continuer \u00e0 travailler dans le mara\u00eechage, avant d\u2019\u00eatre form\u00e9e et de trouver une entreprise dans la cadre de mon alternance.<\/p>\n<p>Une nouvelle vie s\u2019offre \u00e0 moi\u00a0!!!<\/p>\n<p>Si j\u2019avais un message \u00e0 passer\u00a0:<\/p>\n<p>Il faut pers\u00e9v\u00e9rer, tout est possible lorsqu\u2019on s\u2019en donne les moyens.<\/p>\n<p>Je remercie le jardin de m\u2019avoir rendu mes ailes\u00a0!!!\u00a0\u00bb<\/p>\n<p>&nbsp;<\/p>\n","protected":false},"excerpt":{"rendered":"S11- Portrait de Jennifer Voici le t\u00e9moignage de Jenn\u00a0qui est partie vers de nouvelles aventures : \u00ab Je suis venue ici pour faire un bilan sur ma vie professionnelle. J\u2019ai quitt\u00e9 la restauration pendant le [&hellip;]","protected":false},"author":7,"featured_media":2724,"comment_status":"open","ping_status":"open","sticky":false,"template":"","format":"standard","meta":[],"categories":[2],"tags":[],"_links":{"self":[{"href":"https:\/\/www.lerelaispourlemploi.fr\/jardin\/wp-json\/wp\/v2\/posts\/2722"}],"collection":[{"href":"https:\/\/www.lerelaispourlemploi.fr\/jardin\/wp-json\/wp\/v2\/posts"}],"about":[{"href":"https:\/\/www.lerelaispourlemploi.fr\/jardin\/wp-json\/wp\/v2\/types\/post"}],"author":[{"embeddable":true,"href":"https:\/\/www.lerelaispourlemploi.fr\/jardin\/wp-json\/wp\/v2\/users\/7"}],"replies":[{"embeddable":true,"href":"https:\/\/www.lerelaispourlemploi.fr\/jardin\/wp-json\/wp\/v2\/comments?post=2722"}],"version-history":[{"count":1,"href":"https:\/\/www.lerelaispourlemploi.fr\/jardin\/wp-json\/wp\/v2\/posts\/2722\/revisions"}],"predecessor-version":[{"id":2725,"href":"https:\/\/www.lerelaispourlemploi.fr\/jardin\/wp-json\/wp\/v2\/posts\/2722\/revisions\/2725"}],"wp:featuredmedia":[{"embeddable":true,"href":"https:\/\/www.lerelaispourlemploi.fr\/jardin\/wp-json\/wp\/v2\/media\/2724"}],"wp:attachment":[{"href":"https:\/\/www.lerelaispourlemploi.fr\/jardin\/wp-json\/wp\/v2\/media?parent=2722"}],"wp:term":[{"taxonomy":"category","embeddable":true,"href":"https:\/\/www.lerelaispourlemploi.fr\/jardin\/wp-json\/wp\/v2\/categories?post=2722"},{"taxonomy":"post_tag","embeddable":true,"href":"https:\/\/www.lerelaispourlemploi.fr\/jardin\/wp-json\/wp\/v2\/tags?post=2722"}],"curies":[{"name":"wp","href":"https:\/\/api.w.org\/{rel}","templated":true}]}}