{"id":2744,"date":"2025-03-25T10:07:15","date_gmt":"2025-03-25T09:07:15","guid":{"rendered":"https:\/\/www.lerelaispourlemploi.fr\/jardin\/?p=2744"},"modified":"2025-03-25T10:08:32","modified_gmt":"2025-03-25T09:08:32","slug":"s13-jardin-tonique","status":"publish","type":"post","link":"https:\/\/www.lerelaispourlemploi.fr\/jardin\/actualites\/s13-jardin-tonique\/","title":{"rendered":"S13- Jardin Tonique"},"content":{"rendered":"<p><a class=\"jardin\" href=\"https:\/\/www.lerelaispourlemploi.fr\/wp-content\/images\/S13-Jardin-Tonique.pdf\"><img loading=\"lazy\" class=\"alignnone size-medium wp-image-2746\" src=\"https:\/\/www.lerelaispourlemploi.fr\/wp-content\/images\/20250205-ter-338x306.jpg\" alt=\"\" width=\"338\" height=\"306\" srcset=\"https:\/\/www.lerelaispourlemploi.fr\/wp-content\/images\/20250205-ter-338x306.jpg 338w, https:\/\/www.lerelaispourlemploi.fr\/wp-content\/images\/20250205-ter-221x200.jpg 221w, https:\/\/www.lerelaispourlemploi.fr\/wp-content\/images\/20250205-ter-768x694.jpg 768w, https:\/\/www.lerelaispourlemploi.fr\/wp-content\/images\/20250205-ter-1536x1389.jpg 1536w, https:\/\/www.lerelaispourlemploi.fr\/wp-content\/images\/20250205-ter-2048x1852.jpg 2048w\" sizes=\"(max-width: 338px) 100vw, 338px\" \/> <img loading=\"lazy\" class=\"alignnone size-medium wp-image-2745\" src=\"https:\/\/www.lerelaispourlemploi.fr\/wp-content\/images\/20250205-bis-210x306.jpg\" alt=\"\" width=\"210\" height=\"306\" srcset=\"https:\/\/www.lerelaispourlemploi.fr\/wp-content\/images\/20250205-bis-210x306.jpg 210w, https:\/\/www.lerelaispourlemploi.fr\/wp-content\/images\/20250205-bis-137x200.jpg 137w, https:\/\/www.lerelaispourlemploi.fr\/wp-content\/images\/20250205-bis-768x1119.jpg 768w, https:\/\/www.lerelaispourlemploi.fr\/wp-content\/images\/20250205-bis-1054x1536.jpg 1054w, https:\/\/www.lerelaispourlemploi.fr\/wp-content\/images\/20250205-bis-1406x2048.jpg 1406w, https:\/\/www.lerelaispourlemploi.fr\/wp-content\/images\/20250205-bis-scaled.jpg 1757w\" sizes=\"(max-width: 210px) 100vw, 210px\" \/><\/a><\/p>\n<p><a class=\"jardin\" href=\"https:\/\/www.lerelaispourlemploi.fr\/wp-content\/images\/S13-Jardin-Tonique.pdf\">S13- Jardin Tonique<\/a><\/p>\n<p>D\u2019octobre 2024 \u00e0 mars 2025, nos salari\u00e9s en parcours ont b\u00e9n\u00e9fici\u00e9 de l\u2019intervention d\u2019Anne-Laure et J\u00e9r\u00e9my, Educateurs Sportifs de l\u2019Agence D\u00e9partementale du Pays de Vitr\u00e9. Durant cette p\u00e9riode, l\u2019ensemble des salari\u00e9s ont pratiqu\u00e9 diff\u00e9rentes activit\u00e9s, telles que\u00a0: le lancer, la sarbacane, le poull ball, la boxe, le volley assis, l\u2019escrime, la boccia, le tir \u00e0 l\u2019arc, le biathlon (\u2026)<\/p>\n<p>L\u2019objectif de ses s\u00e9ances consistait \u00e0\u00a0: pratiquer une activit\u00e9 sportive, effectuer du renforcement musculaire, sensibiliser aux gestes et postures, mais aussi instaurer des habitudes de bien \u00eatre (\u00e9chauffement, coh\u00e9rence cardiaque \u2026).<\/p>\n<p>D\u2019ailleurs, nous tenons \u00e0 remercier Anne-Laure et J\u00e9r\u00e9my de s\u2019\u00eatre rendus disponibles pour venir observer les gestes et postures de nos ouvriers mara\u00eechers au sein du jardin, ceci afin de les conseiller et de les corriger dans leur pratique quotidienne.<\/p>\n<p>Vivement les prochaines s\u00e9ances !!!<\/p>\n<p>&nbsp;<\/p>\n","protected":false},"excerpt":{"rendered":"S13- Jardin Tonique D\u2019octobre 2024 \u00e0 mars 2025, nos salari\u00e9s en parcours ont b\u00e9n\u00e9fici\u00e9 de l\u2019intervention d\u2019Anne-Laure et J\u00e9r\u00e9my, Educateurs Sportifs de l\u2019Agence D\u00e9partementale du Pays de Vitr\u00e9. Durant cette p\u00e9riode, l\u2019ensemble des salari\u00e9s ont [&hellip;]","protected":false},"author":7,"featured_media":2747,"comment_status":"open","ping_status":"open","sticky":false,"template":"","format":"standard","meta":[],"categories":[2],"tags":[],"_links":{"self":[{"href":"https:\/\/www.lerelaispourlemploi.fr\/jardin\/wp-json\/wp\/v2\/posts\/2744"}],"collection":[{"href":"https:\/\/www.lerelaispourlemploi.fr\/jardin\/wp-json\/wp\/v2\/posts"}],"about":[{"href":"https:\/\/www.lerelaispourlemploi.fr\/jardin\/wp-json\/wp\/v2\/types\/post"}],"author":[{"embeddable":true,"href":"https:\/\/www.lerelaispourlemploi.fr\/jardin\/wp-json\/wp\/v2\/users\/7"}],"replies":[{"embeddable":true,"href":"https:\/\/www.lerelaispourlemploi.fr\/jardin\/wp-json\/wp\/v2\/comments?post=2744"}],"version-history":[{"count":5,"href":"https:\/\/www.lerelaispourlemploi.fr\/jardin\/wp-json\/wp\/v2\/posts\/2744\/revisions"}],"predecessor-version":[{"id":2753,"href":"https:\/\/www.lerelaispourlemploi.fr\/jardin\/wp-json\/wp\/v2\/posts\/2744\/revisions\/2753"}],"wp:featuredmedia":[{"embeddable":true,"href":"https:\/\/www.lerelaispourlemploi.fr\/jardin\/wp-json\/wp\/v2\/media\/2747"}],"wp:attachment":[{"href":"https:\/\/www.lerelaispourlemploi.fr\/jardin\/wp-json\/wp\/v2\/media?parent=2744"}],"wp:term":[{"taxonomy":"category","embeddable":true,"href":"https:\/\/www.lerelaispourlemploi.fr\/jardin\/wp-json\/wp\/v2\/categories?post=2744"},{"taxonomy":"post_tag","embeddable":true,"href":"https:\/\/www.lerelaispourlemploi.fr\/jardin\/wp-json\/wp\/v2\/tags?post=2744"}],"curies":[{"name":"wp","href":"https:\/\/api.w.org\/{rel}","templated":true}]}}