{"id":752,"date":"2017-06-06T08:13:38","date_gmt":"2017-06-06T06:13:38","guid":{"rendered":"http:\/\/www.lerelaispourlemploi.fr\/jardin\/?p=752"},"modified":"2017-06-27T14:33:25","modified_gmt":"2017-06-27T12:33:25","slug":"an-brouettes-ca-se-fete","status":"publish","type":"post","link":"https:\/\/www.lerelaispourlemploi.fr\/jardin\/actualites\/an-brouettes-ca-se-fete\/","title":{"rendered":"Un an et des brouettes, \u00e7a se f\u00eate !"},"content":{"rendered":"<p>Il y a un an, nous ouvrions un deuxi\u00e8me point de d\u00e9p\u00f4t de nos paniers \u00e0 Vitr\u00e9. Aussi, adh\u00e9rent(e)s du Fournil de la Massonnais mais aussi de Nature Source, nous faisons une halte chez vous  !<\/p>\n<p><strong>RENDEZ-VOUS le mardi 13 juin entre 16h30 et 18h Au Fournil de la Massonnais<\/strong><\/p>\n<p>pour parler l\u00e9gumes de saison, abonnement aux paniers, insertion par l\u2019activit\u00e9 \u00e9conomique, activit\u00e9s mises en place au Jardin, &#8230; le tout autour d\u2019une d\u00e9gustation de soupe froide !<\/p>\n<p>Vous n&rsquo;\u00eates pas encore adh\u00e9rent chez nous mais l&rsquo;abonnement aux paniers de l\u00e9gumes hebdomadaires vous tente ? C&rsquo;est l&rsquo;occasion de nous rencontrer pour en \u00e9changer !<\/p>\n<p>Nous vous attendons impatiemment !<\/p>\n<p><a class=\"jardin\" href=\"http:\/\/www.ouest-france.fr\/bretagne\/vitre-35500\/solidarite-des-legumes-bio-livres-chaque-semaine-5070155\" target=\"_blank\">Ouest France en a parl\u00e9 le 16\/06\/2017 !<\/a><\/p>\n","protected":false},"excerpt":{"rendered":"Il y a un an, nous ouvrions un deuxi\u00e8me point de d\u00e9p\u00f4t de nos paniers \u00e0 Vitr\u00e9. Aussi, adh\u00e9rent(e)s du Fournil de la Massonnais mais aussi de Nature Source, nous faisons une halte chez vous [&hellip;]","protected":false},"author":2,"featured_media":754,"comment_status":"open","ping_status":"open","sticky":false,"template":"","format":"standard","meta":[],"categories":[2],"tags":[],"_links":{"self":[{"href":"https:\/\/www.lerelaispourlemploi.fr\/jardin\/wp-json\/wp\/v2\/posts\/752"}],"collection":[{"href":"https:\/\/www.lerelaispourlemploi.fr\/jardin\/wp-json\/wp\/v2\/posts"}],"about":[{"href":"https:\/\/www.lerelaispourlemploi.fr\/jardin\/wp-json\/wp\/v2\/types\/post"}],"author":[{"embeddable":true,"href":"https:\/\/www.lerelaispourlemploi.fr\/jardin\/wp-json\/wp\/v2\/users\/2"}],"replies":[{"embeddable":true,"href":"https:\/\/www.lerelaispourlemploi.fr\/jardin\/wp-json\/wp\/v2\/comments?post=752"}],"version-history":[{"count":3,"href":"https:\/\/www.lerelaispourlemploi.fr\/jardin\/wp-json\/wp\/v2\/posts\/752\/revisions"}],"predecessor-version":[{"id":777,"href":"https:\/\/www.lerelaispourlemploi.fr\/jardin\/wp-json\/wp\/v2\/posts\/752\/revisions\/777"}],"wp:featuredmedia":[{"embeddable":true,"href":"https:\/\/www.lerelaispourlemploi.fr\/jardin\/wp-json\/wp\/v2\/media\/754"}],"wp:attachment":[{"href":"https:\/\/www.lerelaispourlemploi.fr\/jardin\/wp-json\/wp\/v2\/media?parent=752"}],"wp:term":[{"taxonomy":"category","embeddable":true,"href":"https:\/\/www.lerelaispourlemploi.fr\/jardin\/wp-json\/wp\/v2\/categories?post=752"},{"taxonomy":"post_tag","embeddable":true,"href":"https:\/\/www.lerelaispourlemploi.fr\/jardin\/wp-json\/wp\/v2\/tags?post=752"}],"curies":[{"name":"wp","href":"https:\/\/api.w.org\/{rel}","templated":true}]}}