{"id":787,"date":"2018-07-19T15:36:41","date_gmt":"2018-07-19T13:36:41","guid":{"rendered":"http:\/\/www.lerelaispourlemploi.fr\/jardin\/?p=787"},"modified":"2018-07-19T15:36:53","modified_gmt":"2018-07-19T13:36:53","slug":"vente-de-legumes-detail-jusqua-fin-de-lete","status":"publish","type":"post","link":"https:\/\/www.lerelaispourlemploi.fr\/jardin\/actualites\/vente-de-legumes-detail-jusqua-fin-de-lete\/","title":{"rendered":"Vente de l\u00e9gumes au d\u00e9tail jusqu&rsquo;\u00e0 la fin de l&rsquo;\u00e9t\u00e9"},"content":{"rendered":"<p>Comme tous les ans \u00e0 la m\u00eame p\u00e9riode, nos adh\u00e9rents partent en cong\u00e9s et suspendent leur abonnement aux paniers de l\u00e9gumes hebdomadaires pour quelques semaines, alors que les l\u00e9gumes donnent en abondance !<\/p>\n<p>Du coup, <strong>nous vous invitons \u00e0 profiter des ventes des surplus de l\u00e9gumes de notre Chantier d&rsquo;insertion <strong>chaque vendredi de l&rsquo;\u00e9t\u00e9 de 10h \u00e0 19h au Jardin<\/strong><\/strong>, situ\u00e9 \u00e0 La Rigaudi\u00e8re, au Theil de Bretagne.<\/p>\n<p>Ces l\u00e9gumes frais et de saison sont exceptionnellement vendus au d\u00e9tail \u00e0 tout un chacun : venez les (re)d\u00e9couvrir et n&rsquo;h\u00e9sitez pas \u00e0 en parler autour de vous !<\/p>\n<p>Et qui sait, peut-\u00eatre que la diversit\u00e9 et la saveur de nos l\u00e9gumes bio vous donneront l&rsquo;envie de poursuivre l&rsquo;aventure avec nous en tant qu&rsquo;adh\u00e9rents \u00e0 partir de la rentr\u00e9e de Septembre ?!  <\/p>\n<p>A tr\u00e8s bient\u00f4t !<\/p>\n<p>L&rsquo;\u00e9quipe du Pays fait son Jardin<\/p>\n","protected":false},"excerpt":{"rendered":"Comme tous les ans \u00e0 la m\u00eame p\u00e9riode, nos adh\u00e9rents partent en cong\u00e9s et suspendent leur abonnement aux paniers de l\u00e9gumes hebdomadaires pour quelques semaines, alors que les l\u00e9gumes donnent en abondance ! Du coup, [&hellip;]","protected":false},"author":2,"featured_media":1075,"comment_status":"open","ping_status":"open","sticky":false,"template":"","format":"standard","meta":[],"categories":[157],"tags":[],"_links":{"self":[{"href":"https:\/\/www.lerelaispourlemploi.fr\/jardin\/wp-json\/wp\/v2\/posts\/787"}],"collection":[{"href":"https:\/\/www.lerelaispourlemploi.fr\/jardin\/wp-json\/wp\/v2\/posts"}],"about":[{"href":"https:\/\/www.lerelaispourlemploi.fr\/jardin\/wp-json\/wp\/v2\/types\/post"}],"author":[{"embeddable":true,"href":"https:\/\/www.lerelaispourlemploi.fr\/jardin\/wp-json\/wp\/v2\/users\/2"}],"replies":[{"embeddable":true,"href":"https:\/\/www.lerelaispourlemploi.fr\/jardin\/wp-json\/wp\/v2\/comments?post=787"}],"version-history":[{"count":5,"href":"https:\/\/www.lerelaispourlemploi.fr\/jardin\/wp-json\/wp\/v2\/posts\/787\/revisions"}],"predecessor-version":[{"id":1076,"href":"https:\/\/www.lerelaispourlemploi.fr\/jardin\/wp-json\/wp\/v2\/posts\/787\/revisions\/1076"}],"wp:featuredmedia":[{"embeddable":true,"href":"https:\/\/www.lerelaispourlemploi.fr\/jardin\/wp-json\/wp\/v2\/media\/1075"}],"wp:attachment":[{"href":"https:\/\/www.lerelaispourlemploi.fr\/jardin\/wp-json\/wp\/v2\/media?parent=787"}],"wp:term":[{"taxonomy":"category","embeddable":true,"href":"https:\/\/www.lerelaispourlemploi.fr\/jardin\/wp-json\/wp\/v2\/categories?post=787"},{"taxonomy":"post_tag","embeddable":true,"href":"https:\/\/www.lerelaispourlemploi.fr\/jardin\/wp-json\/wp\/v2\/tags?post=787"}],"curies":[{"name":"wp","href":"https:\/\/api.w.org\/{rel}","templated":true}]}}