{"id":840,"date":"2017-09-21T14:31:04","date_gmt":"2017-09-21T12:31:04","guid":{"rendered":"http:\/\/www.lerelaispourlemploi.fr\/jardin\/?p=840"},"modified":"2017-09-21T14:35:14","modified_gmt":"2017-09-21T12:35:14","slug":"cest-moment-de-sabonner","status":"publish","type":"post","link":"https:\/\/www.lerelaispourlemploi.fr\/jardin\/actualites\/cest-moment-de-sabonner\/","title":{"rendered":"C&rsquo;est le moment de s&rsquo;abonner !"},"content":{"rendered":"<p>En ce moment, la Campagne <a class=\"jardin\" href=\"http:\/\/bioetlocal.org\/\" target=\"_blank\">\u00ab\u00a0Manger bio et local c&rsquo;est l&rsquo;id\u00e9al\u00a0\u00bb<\/a> bat son plein !<\/p>\n<p>Vous-m\u00eames \u00eates de plus en plus attentifs aux cons\u00e9quences de vos actes d\u2019achat.<\/p>\n<p>Le bio et le local ne s\u2019opposent pas, bien au contraire ils se compl\u00e8tent. La consommation de denr\u00e9es alimentaires produites localement r\u00e9duit le nombre d\u2019interm\u00e9diaires, diminue les transports polluants et contribue activement \u00e0 renforcer la vitalit\u00e9 \u00e9conomique de nos territoires. Toutefois les m\u00e9thodes de production de ces aliments locaux ont \u00e9galement un impact sur l\u2019environnement. Manger bio c\u2019est faire le choix d\u2019une alimentation de qualit\u00e9 qui garantit des produits sans pesticides, engrais chimiques de synth\u00e8se ni OGM.<\/p>\n<p><strong>En choisissant d&rsquo;adh\u00e9rer \u00e0 notre association, vous soutenez qui plus est le retour \u00e0 l&#8217;emploi durable de personnes <\/strong> qui ont connu une rupture dans leur parcours personnel et professionnel.<\/p>\n<p>Bio, local et solidaire : tous les arguments y sont !<\/p>\n<p>Vous disposez d\u2019une p\u00e9riode d\u2019essai de 4 paniers pour confirmer si la formule d&rsquo;abonnement semestriel que nous proposons vous convient : <a class=\"jardin\" href=\"http:\/\/www.lerelaispourlemploi.fr\/jardin\/nos-paniers-bio\/adhesion\/\" target=\"_blank\">faites le test !<\/a><\/p>\n<p><em>\u00ab\u00a0Vous avez besoin de l\u00e9gumes, ils ont besoin de travail : ensemble, cultivons la solidarit\u00e9 !\u00a0\u00bb<\/em><\/p>\n","protected":false},"excerpt":{"rendered":"En ce moment, la Campagne \u00ab\u00a0Manger bio et local c&rsquo;est l&rsquo;id\u00e9al\u00a0\u00bb bat son plein ! Vous-m\u00eames \u00eates de plus en plus attentifs aux cons\u00e9quences de vos actes d\u2019achat. Le bio et le local ne s\u2019opposent [&hellip;]","protected":false},"author":2,"featured_media":841,"comment_status":"open","ping_status":"open","sticky":false,"template":"","format":"standard","meta":[],"categories":[2],"tags":[],"_links":{"self":[{"href":"https:\/\/www.lerelaispourlemploi.fr\/jardin\/wp-json\/wp\/v2\/posts\/840"}],"collection":[{"href":"https:\/\/www.lerelaispourlemploi.fr\/jardin\/wp-json\/wp\/v2\/posts"}],"about":[{"href":"https:\/\/www.lerelaispourlemploi.fr\/jardin\/wp-json\/wp\/v2\/types\/post"}],"author":[{"embeddable":true,"href":"https:\/\/www.lerelaispourlemploi.fr\/jardin\/wp-json\/wp\/v2\/users\/2"}],"replies":[{"embeddable":true,"href":"https:\/\/www.lerelaispourlemploi.fr\/jardin\/wp-json\/wp\/v2\/comments?post=840"}],"version-history":[{"count":9,"href":"https:\/\/www.lerelaispourlemploi.fr\/jardin\/wp-json\/wp\/v2\/posts\/840\/revisions"}],"predecessor-version":[{"id":850,"href":"https:\/\/www.lerelaispourlemploi.fr\/jardin\/wp-json\/wp\/v2\/posts\/840\/revisions\/850"}],"wp:featuredmedia":[{"embeddable":true,"href":"https:\/\/www.lerelaispourlemploi.fr\/jardin\/wp-json\/wp\/v2\/media\/841"}],"wp:attachment":[{"href":"https:\/\/www.lerelaispourlemploi.fr\/jardin\/wp-json\/wp\/v2\/media?parent=840"}],"wp:term":[{"taxonomy":"category","embeddable":true,"href":"https:\/\/www.lerelaispourlemploi.fr\/jardin\/wp-json\/wp\/v2\/categories?post=840"},{"taxonomy":"post_tag","embeddable":true,"href":"https:\/\/www.lerelaispourlemploi.fr\/jardin\/wp-json\/wp\/v2\/tags?post=840"}],"curies":[{"name":"wp","href":"https:\/\/api.w.org\/{rel}","templated":true}]}}