{"id":886,"date":"2018-11-02T16:56:19","date_gmt":"2018-11-02T15:56:19","guid":{"rendered":"http:\/\/www.lerelaispourlemploi.fr\/jardin\/?p=886"},"modified":"2018-11-02T16:56:35","modified_gmt":"2018-11-02T15:56:35","slug":"commandez-agenda-cocagne-2018","status":"publish","type":"post","link":"https:\/\/www.lerelaispourlemploi.fr\/jardin\/actualites\/commandez-agenda-cocagne-2018\/","title":{"rendered":"Commandez votre Agenda Cocagne 2019 !"},"content":{"rendered":"<p>Comme chaque ann\u00e9e \u00e0 la m\u00eame p\u00e9riode, nous sommes heureux de vous proposer l\u2019Agenda 2019 des Entreprises Solidaires Cocagne, \u00e9dit\u00e9 en partenariat avec la maison d\u2019\u00e9dition Rue de l\u2019\u00e9chiquier. <\/p>\n<p>L\u2019agenda 2019 propose, en plus des fonctionnalit\u00e9s classiques d\u2019un agenda, 52 recettes de cuisine originales, imagin\u00e9es, test\u00e9es et approuv\u00e9es par les migrants accompagn\u00e9s dans des Entreprises d&rsquo;Insertion par l\u2019Activit\u00e9 Economique. L\u2019ouvrage contient \u00e9galement une pr\u00e9sentation des diff\u00e9rents moyens de s\u2019engager pour les Entreprises Solidaires Cocagne. <\/p>\n<p>Houmous de Syrie, Zigni d\u2019Erythr\u00e9e, Korma du Bangladesh&#8230; Ces saveurs d\u2019ailleurs sont l\u2019occasion, le temps d\u2019une recette, de partager un peu de leur culture et de leurs savoir-faire.<\/p>\n<p>Agenda familial ou de bureau, ambassadeur des Entreprises Solidaires Cocagne, l\u2019Agenda vous permettra \u00e9galement de parler de notre Jardin et de partager votre engagement pour notre projet associatif. <\/p>\n<p>Il est vendu \u00e0 12 euros l\u2019unit\u00e9. Vous trouverez ci-dessous le bon de commande, accompagn\u00e9 des visuels de l\u2019agenda et d\u2019une pr\u00e9sentation d\u00e9taill\u00e9e. <\/p>\n<p><strong>Commandez-le avant le 25\/11\/2018 via le coupon ci-joint pour (vous) l\u2019offrir pendant les f\u00eates !<\/strong><\/p>\n<p><em>\u00ab\u00a0Cette ann\u00e9e, le R\u00e9seau Cocagne a voulu rendre hommage \u00e0 la saveur des \u00ab autres \u00bb, ces \u00e9trangers qui se jettent \u00e0 la mer, [\u2026].<br \/>\nL&rsquo;histoire se r\u00e9p\u00e8te, chaotique, confuse aussi entre des publics pr\u00e9caires ici qui pensent parfois que \u00ab\u00a0eux ont tout et nous rien\u00a0\u00bb, l&rsquo;espoir pour certains de trouver un travail au service de la forteresse&#8230; L&rsquo;exp\u00e9rience du travail social nous apprend que l&rsquo;Humanisme est une conviction mais surtout une pratique, celle par exemple de la mixit\u00e9 dans nos jardins o\u00f9 tant d&rsquo;histoires se cr\u00e9ent, celle d&rsquo;un accompagnement professionnel pour passer de la survie \u00e0 un d\u00e9but de vie normale. [\u2026]<br \/>\nNous essayons d&rsquo;apporter une solution pour toutes celles et ceux qui auront r\u00e9ussi \u00e0 obtenir un statut de r\u00e9fugi\u00e9, autoris\u00e9s \u00e0 travailler apr\u00e8s avoir \u00e9t\u00e9 soutenus par des associations, des citoyens. C&rsquo;est cette cha\u00eene de solidarit\u00e9 que nous avons voulu poursuivre ici gr\u00e2ce \u00e0 ce recueil de t\u00e9moignages et de recettes offerts par les personnes que nous accompagnons dans un avenir que nous esp\u00e9rons moins incertain.\u00a0\u00bb<\/em><\/p>\n<p>Extrait de l\u2019avant-propos de l\u2019Agenda 2019 par Dominique Hays, Pr\u00e9sident du r\u00e9seau Cocagne.<\/p>\n<p><p><a class=\"button jardin_bg\" href=\"https:\/\/www.lerelaispourlemploi.fr\/jardin\/telechargements\/de-commande-de-lagenda-cocagne-2018\/\" rel=\"nofollow\">\n\t\tT\u00e9l\u00e9charger &ldquo;Bon de commande de l'Agenda Cocagne 2019&rdquo;\t<\/a><\/p><\/p>\n","protected":false},"excerpt":{"rendered":"Comme chaque ann\u00e9e \u00e0 la m\u00eame p\u00e9riode, nous sommes heureux de vous proposer l\u2019Agenda 2019 des Entreprises Solidaires Cocagne, \u00e9dit\u00e9 en partenariat avec la maison d\u2019\u00e9dition Rue de l\u2019\u00e9chiquier. L\u2019agenda 2019 propose, en plus des [&hellip;]","protected":false},"author":2,"featured_media":1130,"comment_status":"open","ping_status":"open","sticky":false,"template":"","format":"standard","meta":[],"categories":[183],"tags":[],"_links":{"self":[{"href":"https:\/\/www.lerelaispourlemploi.fr\/jardin\/wp-json\/wp\/v2\/posts\/886"}],"collection":[{"href":"https:\/\/www.lerelaispourlemploi.fr\/jardin\/wp-json\/wp\/v2\/posts"}],"about":[{"href":"https:\/\/www.lerelaispourlemploi.fr\/jardin\/wp-json\/wp\/v2\/types\/post"}],"author":[{"embeddable":true,"href":"https:\/\/www.lerelaispourlemploi.fr\/jardin\/wp-json\/wp\/v2\/users\/2"}],"replies":[{"embeddable":true,"href":"https:\/\/www.lerelaispourlemploi.fr\/jardin\/wp-json\/wp\/v2\/comments?post=886"}],"version-history":[{"count":6,"href":"https:\/\/www.lerelaispourlemploi.fr\/jardin\/wp-json\/wp\/v2\/posts\/886\/revisions"}],"predecessor-version":[{"id":1131,"href":"https:\/\/www.lerelaispourlemploi.fr\/jardin\/wp-json\/wp\/v2\/posts\/886\/revisions\/1131"}],"wp:featuredmedia":[{"embeddable":true,"href":"https:\/\/www.lerelaispourlemploi.fr\/jardin\/wp-json\/wp\/v2\/media\/1130"}],"wp:attachment":[{"href":"https:\/\/www.lerelaispourlemploi.fr\/jardin\/wp-json\/wp\/v2\/media?parent=886"}],"wp:term":[{"taxonomy":"category","embeddable":true,"href":"https:\/\/www.lerelaispourlemploi.fr\/jardin\/wp-json\/wp\/v2\/categories?post=886"},{"taxonomy":"post_tag","embeddable":true,"href":"https:\/\/www.lerelaispourlemploi.fr\/jardin\/wp-json\/wp\/v2\/tags?post=886"}],"curies":[{"name":"wp","href":"https:\/\/api.w.org\/{rel}","templated":true}]}}