{"id":935,"date":"2018-01-03T15:55:04","date_gmt":"2018-01-03T14:55:04","guid":{"rendered":"http:\/\/www.lerelaispourlemploi.fr\/jardin\/?p=935"},"modified":"2018-01-03T16:07:17","modified_gmt":"2018-01-03T15:07:17","slug":"a-votre-rencontre","status":"publish","type":"post","link":"https:\/\/www.lerelaispourlemploi.fr\/jardin\/actualites\/a-votre-rencontre\/","title":{"rendered":"A votre rencontre !"},"content":{"rendered":"<p>Trois ans maintenant que le magasin Point Vert de Janz\u00e9 accueille g\u00e9n\u00e9reusement nos paniers bio chaque semaine et 2 ans que nous ne sommes venus faire une halte \u00e0 Janz\u00e9 avec Jardiniers et membres de la Commission Adh\u00e9rents\u2026 Alors : <\/p>\n<p><strong>RDV le mardi 16 Janvier entre 17h et 19h \u00e0 Point Vert<\/strong><\/p>\n<p>pour parler de vous, de nous, de l\u00e9gumes et faire connaissance autour d\u2019une soupe ou d\u2019une galette des rois (\u00e0 notre fa\u00e7on) ou des deux ! <br \/>\nOn vous conseille donc fortement de retirer votre panier sur ce cr\u00e9neau horaire le mardi 16\u2026 <\/p>\n<p>A tr\u00e8s bient\u00f4t donc !<\/p>\n<p>L&rsquo;\u00e9quipe du Jardin &amp; la Commission Adh\u00e9rents<\/p>\n","protected":false},"excerpt":{"rendered":"Trois ans maintenant que le magasin Point Vert de Janz\u00e9 accueille g\u00e9n\u00e9reusement nos paniers bio chaque semaine et 2 ans que nous ne sommes venus faire une halte \u00e0 Janz\u00e9 avec Jardiniers et membres de [&hellip;]","protected":false},"author":2,"featured_media":939,"comment_status":"open","ping_status":"open","sticky":false,"template":"","format":"standard","meta":[],"categories":[2],"tags":[],"_links":{"self":[{"href":"https:\/\/www.lerelaispourlemploi.fr\/jardin\/wp-json\/wp\/v2\/posts\/935"}],"collection":[{"href":"https:\/\/www.lerelaispourlemploi.fr\/jardin\/wp-json\/wp\/v2\/posts"}],"about":[{"href":"https:\/\/www.lerelaispourlemploi.fr\/jardin\/wp-json\/wp\/v2\/types\/post"}],"author":[{"embeddable":true,"href":"https:\/\/www.lerelaispourlemploi.fr\/jardin\/wp-json\/wp\/v2\/users\/2"}],"replies":[{"embeddable":true,"href":"https:\/\/www.lerelaispourlemploi.fr\/jardin\/wp-json\/wp\/v2\/comments?post=935"}],"version-history":[{"count":3,"href":"https:\/\/www.lerelaispourlemploi.fr\/jardin\/wp-json\/wp\/v2\/posts\/935\/revisions"}],"predecessor-version":[{"id":940,"href":"https:\/\/www.lerelaispourlemploi.fr\/jardin\/wp-json\/wp\/v2\/posts\/935\/revisions\/940"}],"wp:featuredmedia":[{"embeddable":true,"href":"https:\/\/www.lerelaispourlemploi.fr\/jardin\/wp-json\/wp\/v2\/media\/939"}],"wp:attachment":[{"href":"https:\/\/www.lerelaispourlemploi.fr\/jardin\/wp-json\/wp\/v2\/media?parent=935"}],"wp:term":[{"taxonomy":"category","embeddable":true,"href":"https:\/\/www.lerelaispourlemploi.fr\/jardin\/wp-json\/wp\/v2\/categories?post=935"},{"taxonomy":"post_tag","embeddable":true,"href":"https:\/\/www.lerelaispourlemploi.fr\/jardin\/wp-json\/wp\/v2\/tags?post=935"}],"curies":[{"name":"wp","href":"https:\/\/api.w.org\/{rel}","templated":true}]}}