{"id":980,"date":"2018-02-21T16:37:01","date_gmt":"2018-02-21T15:37:01","guid":{"rendered":"http:\/\/www.lerelaispourlemploi.fr\/jardin\/?p=980"},"modified":"2018-02-22T11:46:02","modified_gmt":"2018-02-22T10:46:02","slug":"evolution-de-nos-tarifs-panier-oeufs","status":"publish","type":"post","link":"https:\/\/www.lerelaispourlemploi.fr\/jardin\/actualites\/evolution-de-nos-tarifs-panier-oeufs\/","title":{"rendered":"\u00c9volution de nos tarifs panier et \u0153ufs"},"content":{"rendered":"<p>Depuis la cr\u00e9ation du Jardin en 2009, le prix du panier de l\u00e9gumes est rest\u00e9 inchang\u00e9, \u00e0 10\u20ac. Compte tenu de l\u2019\u00e9volution du co\u00fbt de la vie, et afin de conserver une quantit\u00e9 de l\u00e9gumes similaire \u00e0 celle des d\u00e9buts dans le panier, le Conseil d\u2019Administration de l\u2019association a donc valid\u00e9, le 20 f\u00e9vrier 2018, une augmentation du tarif du panier de 50 centimes. <\/p>\n<p><strong>Le panier co\u00fbtera donc d\u00e9sormais 10,50\u20ac pour les retraits au Jardin et 11\u20ac pour les retraits en points de d\u00e9p\u00f4t. <\/strong><\/p>\n<p>De m\u00eame, apr\u00e8s plus de 3 ans sans modification de tarifs, Pierre Cosnet nous a inform\u00e9s qu\u2019\u00e0 compter du 1er f\u00e9vrier 2018, les tarifs pour les \u0153ufs de la Ferme du Dos d\u2019\u00e2ne augmenteront de 1 demi centime par \u0153uf [HT] pour le vrac quel que soit le calibre. Un r\u00e9ajustement qu&rsquo;il justifie par l\u2019augmentation r\u00e9guli\u00e8re des charges (carburant, emballage,&#8230;) li\u00e9es \u00e0 l&rsquo;activit\u00e9.<\/p>\n<p><strong>Nous nous permettrons donc de r\u00e9percuter cette augmentation sur le prix des bo\u00eetes de 6 \u0153ufs en les passant \u00e0 2,25\u20ac.<\/strong><\/p>\n<p>Ces deux augmentations seront mises en place <strong>\u00e0 compter de la semaine 11<\/strong>, date de renouvellement de la p\u00e9riode d\u2019adh\u00e9sion. <\/p>\n<p>Nous vous remercions pour votre compr\u00e9hension et votre fid\u00e9lit\u00e9, semestre apr\u00e8s semestre !<\/p>\n","protected":false},"excerpt":{"rendered":"Depuis la cr\u00e9ation du Jardin en 2009, le prix du panier de l\u00e9gumes est rest\u00e9 inchang\u00e9, \u00e0 10\u20ac. Compte tenu de l\u2019\u00e9volution du co\u00fbt de la vie, et afin de conserver une quantit\u00e9 de l\u00e9gumes [&hellip;]","protected":false},"author":2,"featured_media":982,"comment_status":"open","ping_status":"open","sticky":false,"template":"","format":"standard","meta":[],"categories":[72],"tags":[],"_links":{"self":[{"href":"https:\/\/www.lerelaispourlemploi.fr\/jardin\/wp-json\/wp\/v2\/posts\/980"}],"collection":[{"href":"https:\/\/www.lerelaispourlemploi.fr\/jardin\/wp-json\/wp\/v2\/posts"}],"about":[{"href":"https:\/\/www.lerelaispourlemploi.fr\/jardin\/wp-json\/wp\/v2\/types\/post"}],"author":[{"embeddable":true,"href":"https:\/\/www.lerelaispourlemploi.fr\/jardin\/wp-json\/wp\/v2\/users\/2"}],"replies":[{"embeddable":true,"href":"https:\/\/www.lerelaispourlemploi.fr\/jardin\/wp-json\/wp\/v2\/comments?post=980"}],"version-history":[{"count":4,"href":"https:\/\/www.lerelaispourlemploi.fr\/jardin\/wp-json\/wp\/v2\/posts\/980\/revisions"}],"predecessor-version":[{"id":988,"href":"https:\/\/www.lerelaispourlemploi.fr\/jardin\/wp-json\/wp\/v2\/posts\/980\/revisions\/988"}],"wp:featuredmedia":[{"embeddable":true,"href":"https:\/\/www.lerelaispourlemploi.fr\/jardin\/wp-json\/wp\/v2\/media\/982"}],"wp:attachment":[{"href":"https:\/\/www.lerelaispourlemploi.fr\/jardin\/wp-json\/wp\/v2\/media?parent=980"}],"wp:term":[{"taxonomy":"category","embeddable":true,"href":"https:\/\/www.lerelaispourlemploi.fr\/jardin\/wp-json\/wp\/v2\/categories?post=980"},{"taxonomy":"post_tag","embeddable":true,"href":"https:\/\/www.lerelaispourlemploi.fr\/jardin\/wp-json\/wp\/v2\/tags?post=980"}],"curies":[{"name":"wp","href":"https:\/\/api.w.org\/{rel}","templated":true}]}}