{"id":242,"date":"2017-01-30T14:28:29","date_gmt":"2017-01-30T13:28:29","guid":{"rendered":"http:\/\/www.lerelaispourlemploi.fr\/parcmob\/?p=242"},"modified":"2017-08-07T16:27:35","modified_gmt":"2017-08-07T14:27:35","slug":"relais-lemploi-etend-parc-mobilite-a-janze","status":"publish","type":"post","link":"https:\/\/www.lerelaispourlemploi.fr\/parcmob\/actualites\/relais-lemploi-etend-parc-mobilite-a-janze\/","title":{"rendered":"Le Relais pour l&rsquo;Emploi \u00e9tend son parc mobilit\u00e9 \u00e0 Janz\u00e9"},"content":{"rendered":"<p>Le CCAS de Janz\u00e9 vient de financer un scooter pour le Parc Mobilit\u00e9 pilot\u00e9 par le Relais pour l\u2019Emploi chez JANZE Motoculture, ZA La Chauveli\u00e8re \u00e0 JANZE. Les cl\u00e9s du scooter \u00e9taient remises aux responsables de l\u2019Association Le Relais pour l\u2019Emploi ce mardi 24 janvier 2017.<\/p>\n<p>Depuis d\u00e9but janvier, 2 scooters sont \u00e0 disposition pour faciliter les trajets vers le travail, la formation. \u00ab\u00a0Il s\u2019agit de contribuer de mani\u00e8re active aux probl\u00e9matiques de l\u2019emploi\u00a0\u00bb rappelait Hubert PARIS, Maire et Pr\u00e9sident du CCAS de Janz\u00e9.<\/p>\n<p>Ces scooters sont \u00e9quip\u00e9s d\u2019un top-case, antivol et le casque est fourni. Pour les utiliser, contacter un des partenaires du Parc Mob\u00a0: CCAS, CDAS, Mission Locale, PAE, Service Insertion ou le Relais pour l\u2019Emploi.<\/p>\n<p>Le co\u00fbt de location est de 5\u20ac la journ\u00e9e, 15\u20ac la semaine, 50\u20ac le mois.<\/p>\n","protected":false},"excerpt":{"rendered":"Le CCAS de Janz\u00e9 vient de financer un scooter pour le Parc Mobilit\u00e9 pilot\u00e9 par le Relais pour l\u2019Emploi chez JANZE Motoculture, ZA La Chauveli\u00e8re \u00e0 JANZE. Les cl\u00e9s du scooter \u00e9taient remises aux responsables [&hellip;]","protected":false},"author":2,"featured_media":243,"comment_status":"open","ping_status":"open","sticky":false,"template":"","format":"standard","meta":[],"categories":[7],"tags":[],"_links":{"self":[{"href":"https:\/\/www.lerelaispourlemploi.fr\/parcmob\/wp-json\/wp\/v2\/posts\/242"}],"collection":[{"href":"https:\/\/www.lerelaispourlemploi.fr\/parcmob\/wp-json\/wp\/v2\/posts"}],"about":[{"href":"https:\/\/www.lerelaispourlemploi.fr\/parcmob\/wp-json\/wp\/v2\/types\/post"}],"author":[{"embeddable":true,"href":"https:\/\/www.lerelaispourlemploi.fr\/parcmob\/wp-json\/wp\/v2\/users\/2"}],"replies":[{"embeddable":true,"href":"https:\/\/www.lerelaispourlemploi.fr\/parcmob\/wp-json\/wp\/v2\/comments?post=242"}],"version-history":[{"count":6,"href":"https:\/\/www.lerelaispourlemploi.fr\/parcmob\/wp-json\/wp\/v2\/posts\/242\/revisions"}],"predecessor-version":[{"id":255,"href":"https:\/\/www.lerelaispourlemploi.fr\/parcmob\/wp-json\/wp\/v2\/posts\/242\/revisions\/255"}],"wp:featuredmedia":[{"embeddable":true,"href":"https:\/\/www.lerelaispourlemploi.fr\/parcmob\/wp-json\/wp\/v2\/media\/243"}],"wp:attachment":[{"href":"https:\/\/www.lerelaispourlemploi.fr\/parcmob\/wp-json\/wp\/v2\/media?parent=242"}],"wp:term":[{"taxonomy":"category","embeddable":true,"href":"https:\/\/www.lerelaispourlemploi.fr\/parcmob\/wp-json\/wp\/v2\/categories?post=242"},{"taxonomy":"post_tag","embeddable":true,"href":"https:\/\/www.lerelaispourlemploi.fr\/parcmob\/wp-json\/wp\/v2\/tags?post=242"}],"curies":[{"name":"wp","href":"https:\/\/api.w.org\/{rel}","templated":true}]}}