{"id":266,"date":"2017-08-07T16:26:43","date_gmt":"2017-08-07T14:26:43","guid":{"rendered":"http:\/\/www.lerelaispourlemploi.fr\/parcmob\/?p=266"},"modified":"2017-08-07T16:26:43","modified_gmt":"2017-08-07T14:26:43","slug":"2-nouveaux-scooters-location-vitre","status":"publish","type":"post","link":"https:\/\/www.lerelaispourlemploi.fr\/parcmob\/actualites\/2-nouveaux-scooters-location-vitre\/","title":{"rendered":"2 nouveaux scooters en location sur Vitr\u00e9"},"content":{"rendered":"<p>Le F.A.J. (Fonds d\u2019aide aux jeunes) g\u00e9r\u00e9 par la Mission Locale, partenaire du Parc-Mob, vient de financer l\u2019achat de deux scooters. Ces scooters sont mis \u00e0 disposition chez Vitr\u00e9 Moto Casse. <\/p>\n<p>La proc\u00e9dure de location des scooters reste inchang\u00e9e : il convient de s&rsquo;adresser \u00e0 l\u2019une des structures partenaires du Parc Mob que sont :<\/p>\n<ul>\n<li>les Centres Communaux d\u2019Action Sociale (C.C.A.S.),<\/li>\n<li>le Centre D\u00e9partemental d\u2019Action Sociale (C.D.A.S.),<\/li>\n<li>le Service Insertion,<\/li>\n<li>la Mission Locale,<\/li>\n<li>les Points Accueil Emploi<\/li>\n<\/ul>\n<p>23 scooters sont maintenant en location dans 8 garages du Pays de Vitr\u00e9 pour faciliter la mobilit\u00e9 professionnelle.<\/p>\n","protected":false},"excerpt":{"rendered":"Le F.A.J. (Fonds d\u2019aide aux jeunes) g\u00e9r\u00e9 par la Mission Locale, partenaire du Parc-Mob, vient de financer l\u2019achat de deux scooters. Ces scooters sont mis \u00e0 disposition chez Vitr\u00e9 Moto Casse. La proc\u00e9dure de location [&hellip;]","protected":false},"author":2,"featured_media":267,"comment_status":"open","ping_status":"open","sticky":false,"template":"","format":"standard","meta":[],"categories":[7],"tags":[],"_links":{"self":[{"href":"https:\/\/www.lerelaispourlemploi.fr\/parcmob\/wp-json\/wp\/v2\/posts\/266"}],"collection":[{"href":"https:\/\/www.lerelaispourlemploi.fr\/parcmob\/wp-json\/wp\/v2\/posts"}],"about":[{"href":"https:\/\/www.lerelaispourlemploi.fr\/parcmob\/wp-json\/wp\/v2\/types\/post"}],"author":[{"embeddable":true,"href":"https:\/\/www.lerelaispourlemploi.fr\/parcmob\/wp-json\/wp\/v2\/users\/2"}],"replies":[{"embeddable":true,"href":"https:\/\/www.lerelaispourlemploi.fr\/parcmob\/wp-json\/wp\/v2\/comments?post=266"}],"version-history":[{"count":1,"href":"https:\/\/www.lerelaispourlemploi.fr\/parcmob\/wp-json\/wp\/v2\/posts\/266\/revisions"}],"predecessor-version":[{"id":268,"href":"https:\/\/www.lerelaispourlemploi.fr\/parcmob\/wp-json\/wp\/v2\/posts\/266\/revisions\/268"}],"wp:featuredmedia":[{"embeddable":true,"href":"https:\/\/www.lerelaispourlemploi.fr\/parcmob\/wp-json\/wp\/v2\/media\/267"}],"wp:attachment":[{"href":"https:\/\/www.lerelaispourlemploi.fr\/parcmob\/wp-json\/wp\/v2\/media?parent=266"}],"wp:term":[{"taxonomy":"category","embeddable":true,"href":"https:\/\/www.lerelaispourlemploi.fr\/parcmob\/wp-json\/wp\/v2\/categories?post=266"},{"taxonomy":"post_tag","embeddable":true,"href":"https:\/\/www.lerelaispourlemploi.fr\/parcmob\/wp-json\/wp\/v2\/tags?post=266"}],"curies":[{"name":"wp","href":"https:\/\/api.w.org\/{rel}","templated":true}]}}