{"id":362,"date":"2021-12-23T10:57:32","date_gmt":"2021-12-23T09:57:32","guid":{"rendered":"https:\/\/www.lerelaispourlemploi.fr\/parcmob\/?p=362"},"modified":"2021-12-23T10:57:32","modified_gmt":"2021-12-23T09:57:32","slug":"merci-au-credit-agricole-dille-et-vilaine","status":"publish","type":"post","link":"https:\/\/www.lerelaispourlemploi.fr\/parcmob\/actualites\/merci-au-credit-agricole-dille-et-vilaine\/","title":{"rendered":"Merci au Cr\u00e9dit Agricole d&rsquo;Ille et Vilaine"},"content":{"rendered":"<p>Le comit\u00e9 d\u00e9di\u00e9 aux Fonds d&rsquo;Aide aux Associations mis en place par le Cr\u00e9dit Agricole d&rsquo;Ille et Vilaine a octroy\u00e9 une dotation de 8 000 \u20ac au Parc-Mob.<\/p>\n<p>Voici l&rsquo;article paru dans Ouest-France.<\/p>\n<p><p><a class=\"button parcmob_bg\" href=\"https:\/\/www.lerelaispourlemploi.fr\/parcmob\/telechargements\/pm-subvention-credit-agricole-12-2021-png\/\" rel=\"nofollow\">\n\t\tT\u00e9l\u00e9charger &ldquo;PM-subvention-credit-agricole-12-2021.png&rdquo;\t<\/a><\/p><\/p>\n<p><img src=\"https:\/\/encrypted-tbn0.gstatic.com\/images?q=tbn:ANd9GcRBWLTyynPXYiC6IBMJxu8a8nqUVCLrWREdLWOy5X5cYgFdw-oxpWm4_w138liC5parzds&amp;usqp=CAU\" alt=\"Conseiller Priv\u00e9 - Territoire de Rennes et p\u00e9riph\u00e9rie H\/F (R\u00e9f. :  2021-26946) - Banque priv\u00e9e job in Bretagne, R\u00e9gion Centre | CRCAM  ILLE-VIL.CCI | Getwork Global\" \/><\/p>\n","protected":false},"excerpt":{"rendered":"Le comit\u00e9 d\u00e9di\u00e9 aux Fonds d&rsquo;Aide aux Associations mis en place par le Cr\u00e9dit Agricole d&rsquo;Ille et Vilaine a octroy\u00e9 une dotation de 8 000 \u20ac au Parc-Mob. Voici l&rsquo;article paru dans Ouest-France.","protected":false},"author":8,"featured_media":363,"comment_status":"open","ping_status":"open","sticky":false,"template":"","format":"standard","meta":[],"categories":[2],"tags":[],"_links":{"self":[{"href":"https:\/\/www.lerelaispourlemploi.fr\/parcmob\/wp-json\/wp\/v2\/posts\/362"}],"collection":[{"href":"https:\/\/www.lerelaispourlemploi.fr\/parcmob\/wp-json\/wp\/v2\/posts"}],"about":[{"href":"https:\/\/www.lerelaispourlemploi.fr\/parcmob\/wp-json\/wp\/v2\/types\/post"}],"author":[{"embeddable":true,"href":"https:\/\/www.lerelaispourlemploi.fr\/parcmob\/wp-json\/wp\/v2\/users\/8"}],"replies":[{"embeddable":true,"href":"https:\/\/www.lerelaispourlemploi.fr\/parcmob\/wp-json\/wp\/v2\/comments?post=362"}],"version-history":[{"count":2,"href":"https:\/\/www.lerelaispourlemploi.fr\/parcmob\/wp-json\/wp\/v2\/posts\/362\/revisions"}],"predecessor-version":[{"id":368,"href":"https:\/\/www.lerelaispourlemploi.fr\/parcmob\/wp-json\/wp\/v2\/posts\/362\/revisions\/368"}],"wp:featuredmedia":[{"embeddable":true,"href":"https:\/\/www.lerelaispourlemploi.fr\/parcmob\/wp-json\/wp\/v2\/media\/363"}],"wp:attachment":[{"href":"https:\/\/www.lerelaispourlemploi.fr\/parcmob\/wp-json\/wp\/v2\/media?parent=362"}],"wp:term":[{"taxonomy":"category","embeddable":true,"href":"https:\/\/www.lerelaispourlemploi.fr\/parcmob\/wp-json\/wp\/v2\/categories?post=362"},{"taxonomy":"post_tag","embeddable":true,"href":"https:\/\/www.lerelaispourlemploi.fr\/parcmob\/wp-json\/wp\/v2\/tags?post=362"}],"curies":[{"name":"wp","href":"https:\/\/api.w.org\/{rel}","templated":true}]}}