{"id":1011,"date":"2024-08-06T11:22:12","date_gmt":"2024-08-06T09:22:12","guid":{"rendered":"https:\/\/www.lerelaispourlemploi.fr\/relais\/?p=1011"},"modified":"2024-08-06T11:27:57","modified_gmt":"2024-08-06T09:27:57","slug":"merci-marie-the","status":"publish","type":"post","link":"https:\/\/www.lerelaispourlemploi.fr\/relais\/actualites\/merci-marie-the\/","title":{"rendered":"Merci Marie Th\u00e9"},"content":{"rendered":"<p>Le pot du d\u00e9part en retraite de Marie Th\u00e9 a eu lieu sur l&rsquo;antenne de Vitr\u00e9. \nPlusieurs ann\u00e9es de missions dans l&rsquo;entretien, un CDI avec notre partenaire Proxim&rsquo;services. \nMerci pour votre professionnalisme et votre bienveillance. Profitez bien de votre temps libre et savourez ce nouveau chapitre comme il se doit.\n<img loading=\"lazy\" src=\"https:\/\/www.lerelaispourlemploi.fr\/wp-content\/images\/retraite-marie-the-365x306.png\" alt=\"\" width=\"365\" height=\"306\" class=\"alignnone size-medium wp-image-1012\" srcset=\"https:\/\/www.lerelaispourlemploi.fr\/wp-content\/images\/retraite-marie-the-365x306.png 365w, https:\/\/www.lerelaispourlemploi.fr\/wp-content\/images\/retraite-marie-the-239x200.png 239w, https:\/\/www.lerelaispourlemploi.fr\/wp-content\/images\/retraite-marie-the-768x644.png 768w, https:\/\/www.lerelaispourlemploi.fr\/wp-content\/images\/retraite-marie-the.png 940w\" sizes=\"(max-width: 365px) 100vw, 365px\" \/><\/p>\n","protected":false},"excerpt":{"rendered":"Le pot du d\u00e9part en retraite de Marie Th\u00e9 a eu lieu sur l&rsquo;antenne de Vitr\u00e9. Plusieurs ann\u00e9es de missions dans l&rsquo;entretien, un CDI avec notre partenaire Proxim&rsquo;services. Merci pour votre professionnalisme et votre bienveillance. [&hellip;]","protected":false},"author":5,"featured_media":1012,"comment_status":"open","ping_status":"open","sticky":false,"template":"","format":"standard","meta":[],"categories":[2],"tags":[],"_links":{"self":[{"href":"https:\/\/www.lerelaispourlemploi.fr\/relais\/wp-json\/wp\/v2\/posts\/1011"}],"collection":[{"href":"https:\/\/www.lerelaispourlemploi.fr\/relais\/wp-json\/wp\/v2\/posts"}],"about":[{"href":"https:\/\/www.lerelaispourlemploi.fr\/relais\/wp-json\/wp\/v2\/types\/post"}],"author":[{"embeddable":true,"href":"https:\/\/www.lerelaispourlemploi.fr\/relais\/wp-json\/wp\/v2\/users\/5"}],"replies":[{"embeddable":true,"href":"https:\/\/www.lerelaispourlemploi.fr\/relais\/wp-json\/wp\/v2\/comments?post=1011"}],"version-history":[{"count":4,"href":"https:\/\/www.lerelaispourlemploi.fr\/relais\/wp-json\/wp\/v2\/posts\/1011\/revisions"}],"predecessor-version":[{"id":1017,"href":"https:\/\/www.lerelaispourlemploi.fr\/relais\/wp-json\/wp\/v2\/posts\/1011\/revisions\/1017"}],"wp:featuredmedia":[{"embeddable":true,"href":"https:\/\/www.lerelaispourlemploi.fr\/relais\/wp-json\/wp\/v2\/media\/1012"}],"wp:attachment":[{"href":"https:\/\/www.lerelaispourlemploi.fr\/relais\/wp-json\/wp\/v2\/media?parent=1011"}],"wp:term":[{"taxonomy":"category","embeddable":true,"href":"https:\/\/www.lerelaispourlemploi.fr\/relais\/wp-json\/wp\/v2\/categories?post=1011"},{"taxonomy":"post_tag","embeddable":true,"href":"https:\/\/www.lerelaispourlemploi.fr\/relais\/wp-json\/wp\/v2\/tags?post=1011"}],"curies":[{"name":"wp","href":"https:\/\/api.w.org\/{rel}","templated":true}]}}