{"id":508,"date":"2019-01-22T15:45:19","date_gmt":"2019-01-22T14:45:19","guid":{"rendered":"http:\/\/www.lerelaispourlemploi.fr\/relais\/?p=508"},"modified":"2019-01-22T15:43:58","modified_gmt":"2019-01-22T14:43:58","slug":"relais-recrute-ouvriers-maraichers","status":"publish","type":"post","link":"https:\/\/www.lerelaispourlemploi.fr\/relais\/actualites\/relais-recrute-ouvriers-maraichers\/","title":{"rendered":"Le Relais recrute des ouvriers-mara\u00eechers !"},"content":{"rendered":"<p>Comme tous les ans en cette p\u00e9riode de l\u2019ann\u00e9e, l\u2019association interm\u00e9diaire Le Relais recrute des ouvriers-mara\u00eechers ! Ceux-ci sont mis \u00e0 la disposition d\u2019une entreprise sp\u00e9cialis\u00e9e dans la production de plants de l\u00e9gumes, fleurs, plantes \u00e0 massif et aromatiques, laquelle fait appel aux services du Relais depuis maintenant plus de vingt ans.<\/p>\n<p>Cette ann\u00e9e, une quinzaine de postes sont \u00e0 pourvoir : en pr\u00e9paration de commandes, sur la pr\u00e9paration des plants, en \u00e9tiquetage et pour le montage de rolls.<\/p>\n<p><p><a class=\"button relais_bg\" href=\"https:\/\/www.lerelaispourlemploi.fr\/relais\/telechargements\/fiche-de-postes-ouvrier-maraicher\/\" rel=\"nofollow\">\n\t\tT\u00e9l\u00e9charger &ldquo;Fiche de postes \"Ouvrier-mara\u00eecher\"&rdquo;\t<\/a><\/p><\/p>\n<p>Les premi\u00e8res missions commenceront en F\u00e9vrier et se termineront en Avril. Les d\u00e9butants sont accept\u00e9s.<\/p>\n<p>Ce type d\u2019emploi vous int\u00e9resse ? Prenez contact avec l\u2019association interm\u00e9diaire Le Relais sans attendre ! <\/p>\n","protected":false},"excerpt":{"rendered":"Comme tous les ans en cette p\u00e9riode de l\u2019ann\u00e9e, l\u2019association interm\u00e9diaire Le Relais recrute des ouvriers-mara\u00eechers ! Ceux-ci sont mis \u00e0 la disposition d\u2019une entreprise sp\u00e9cialis\u00e9e dans la production de plants de l\u00e9gumes, fleurs, plantes [&hellip;]","protected":false},"author":2,"featured_media":125,"comment_status":"open","ping_status":"open","sticky":false,"template":"","format":"standard","meta":[],"categories":[8],"tags":[],"_links":{"self":[{"href":"https:\/\/www.lerelaispourlemploi.fr\/relais\/wp-json\/wp\/v2\/posts\/508"}],"collection":[{"href":"https:\/\/www.lerelaispourlemploi.fr\/relais\/wp-json\/wp\/v2\/posts"}],"about":[{"href":"https:\/\/www.lerelaispourlemploi.fr\/relais\/wp-json\/wp\/v2\/types\/post"}],"author":[{"embeddable":true,"href":"https:\/\/www.lerelaispourlemploi.fr\/relais\/wp-json\/wp\/v2\/users\/2"}],"replies":[{"embeddable":true,"href":"https:\/\/www.lerelaispourlemploi.fr\/relais\/wp-json\/wp\/v2\/comments?post=508"}],"version-history":[{"count":6,"href":"https:\/\/www.lerelaispourlemploi.fr\/relais\/wp-json\/wp\/v2\/posts\/508\/revisions"}],"predecessor-version":[{"id":578,"href":"https:\/\/www.lerelaispourlemploi.fr\/relais\/wp-json\/wp\/v2\/posts\/508\/revisions\/578"}],"wp:featuredmedia":[{"embeddable":true,"href":"https:\/\/www.lerelaispourlemploi.fr\/relais\/wp-json\/wp\/v2\/media\/125"}],"wp:attachment":[{"href":"https:\/\/www.lerelaispourlemploi.fr\/relais\/wp-json\/wp\/v2\/media?parent=508"}],"wp:term":[{"taxonomy":"category","embeddable":true,"href":"https:\/\/www.lerelaispourlemploi.fr\/relais\/wp-json\/wp\/v2\/categories?post=508"},{"taxonomy":"post_tag","embeddable":true,"href":"https:\/\/www.lerelaispourlemploi.fr\/relais\/wp-json\/wp\/v2\/tags?post=508"}],"curies":[{"name":"wp","href":"https:\/\/api.w.org\/{rel}","templated":true}]}}