{"id":657,"date":"2019-01-10T15:46:05","date_gmt":"2019-01-10T14:46:05","guid":{"rendered":"http:\/\/www.lerelaispourlemploi.fr\/relais\/?p=657"},"modified":"2019-01-10T15:46:05","modified_gmt":"2019-01-10T14:46:05","slug":"flash-info-du-4e-trimestre-2018","status":"publish","type":"post","link":"https:\/\/www.lerelaispourlemploi.fr\/relais\/actualites\/flash-info-du-4e-trimestre-2018\/","title":{"rendered":"Flash Info&rsquo; du 4e trimestre 2018"},"content":{"rendered":"<p>Au sommaire de ce dernier num\u00e9ro de l\u2019ann\u00e9e 2018 de notre newsletter, un focus sur nos collaborations fructueuses avec :<\/p>\n<ul>\n<li>l\u2019entreprise <em>Art bati<\/em> dans le cadre des clauses sociales,<\/li>\n<li>les Collectivit\u00e9s du Pays de Vitr\u00e9,<\/li>\n<li>le Dispositif <em>Diff\u00e9rent et Comp\u00e9tent<\/em> pour la Reconnaissance des Acquis de l\u2019Exp\u00e9rience de nos salari\u00e9s en parcours,<\/li>\n<li>et les chiffres-cl\u00e9s de l\u2019ann\u00e9e \u00e9coul\u00e9e !<\/li>\n<\/ul>\n<p>Bonne lecture !<\/p>\n<p><p><a class=\"button relais_bg\" href=\"https:\/\/www.lerelaispourlemploi.fr\/relais\/telechargements\/flash-info-du-4e-trimestre-2018\/\" rel=\"nofollow\">\n\t\tT\u00e9l\u00e9charger &ldquo;Flash Info' du 4e trimestre 2018&rdquo;\t<\/a><\/p><\/p>\n","protected":false},"excerpt":{"rendered":"Au sommaire de ce dernier num\u00e9ro de l\u2019ann\u00e9e 2018 de notre newsletter, un focus sur nos collaborations fructueuses avec : l\u2019entreprise Art bati dans le cadre des clauses sociales, les Collectivit\u00e9s du Pays de Vitr\u00e9, [&hellip;]","protected":false},"author":2,"featured_media":662,"comment_status":"open","ping_status":"open","sticky":false,"template":"","format":"standard","meta":[],"categories":[12],"tags":[],"_links":{"self":[{"href":"https:\/\/www.lerelaispourlemploi.fr\/relais\/wp-json\/wp\/v2\/posts\/657"}],"collection":[{"href":"https:\/\/www.lerelaispourlemploi.fr\/relais\/wp-json\/wp\/v2\/posts"}],"about":[{"href":"https:\/\/www.lerelaispourlemploi.fr\/relais\/wp-json\/wp\/v2\/types\/post"}],"author":[{"embeddable":true,"href":"https:\/\/www.lerelaispourlemploi.fr\/relais\/wp-json\/wp\/v2\/users\/2"}],"replies":[{"embeddable":true,"href":"https:\/\/www.lerelaispourlemploi.fr\/relais\/wp-json\/wp\/v2\/comments?post=657"}],"version-history":[{"count":2,"href":"https:\/\/www.lerelaispourlemploi.fr\/relais\/wp-json\/wp\/v2\/posts\/657\/revisions"}],"predecessor-version":[{"id":663,"href":"https:\/\/www.lerelaispourlemploi.fr\/relais\/wp-json\/wp\/v2\/posts\/657\/revisions\/663"}],"wp:featuredmedia":[{"embeddable":true,"href":"https:\/\/www.lerelaispourlemploi.fr\/relais\/wp-json\/wp\/v2\/media\/662"}],"wp:attachment":[{"href":"https:\/\/www.lerelaispourlemploi.fr\/relais\/wp-json\/wp\/v2\/media?parent=657"}],"wp:term":[{"taxonomy":"category","embeddable":true,"href":"https:\/\/www.lerelaispourlemploi.fr\/relais\/wp-json\/wp\/v2\/categories?post=657"},{"taxonomy":"post_tag","embeddable":true,"href":"https:\/\/www.lerelaispourlemploi.fr\/relais\/wp-json\/wp\/v2\/tags?post=657"}],"curies":[{"name":"wp","href":"https:\/\/api.w.org\/{rel}","templated":true}]}}