{"id":680,"date":"2019-03-08T11:40:24","date_gmt":"2019-03-08T10:40:24","guid":{"rendered":"http:\/\/www.lerelaispourlemploi.fr\/relais\/?p=680"},"modified":"2019-03-14T16:14:19","modified_gmt":"2019-03-14T15:14:19","slug":"permanences-sur-val-dize","status":"publish","type":"post","link":"https:\/\/www.lerelaispourlemploi.fr\/relais\/actualites\/permanences-sur-val-dize\/","title":{"rendered":"Permanences sur Val d&rsquo;Iz\u00e9"},"content":{"rendered":"<p>En 2019, Le Relais et la commune de Val d\u2019Iz\u00e9 unissent leurs efforts en faveur des demandeurs d\u2019emploi de la commune !<\/p>\n<p>Des permanences seront effectu\u00e9es <strong>le deuxi\u00e8me mardi de chaque mois<\/strong> \u00e0 Val d\u2019Iz\u00e9 par notre Conseill\u00e8re en Insertion professionnelle, Nelly Dumotier. \nElles permettront aux demandeurs d\u2019emploi de s\u2019inscrire aupr\u00e8s de notre association interm\u00e9diaire afin d\u2019obtenir un accompagnement dans leurs d\u00e9marches ainsi que des missions de travail, en vue de retrouver le chemin de l\u2019emploi durable.<\/p>\n<p><strong>Ces permanences commenceront le mardi 12 mars. Elles auront lieu de 14h \u00e0 16h30, sans rendez-vous, au sein de la Maison des associations, rue des \u00e9coles \u00e0 Val d\u2019Iz\u00e9.<\/strong><\/p>\n<p>Notez aussi les prochaines dates : mardi 09 avril ; mardi 14 mai ; mardi 11 juin.<\/p>\n<p>N&rsquo;h\u00e9sitez pas \u00e0 en parler autour de vous !<\/p>\n","protected":false},"excerpt":{"rendered":"En 2019, Le Relais et la commune de Val d\u2019Iz\u00e9 unissent leurs efforts en faveur des demandeurs d\u2019emploi de la commune ! Des permanences seront effectu\u00e9es le deuxi\u00e8me mardi de chaque mois \u00e0 Val d\u2019Iz\u00e9 [&hellip;]","protected":false},"author":2,"featured_media":682,"comment_status":"open","ping_status":"open","sticky":false,"template":"","format":"standard","meta":[],"categories":[2],"tags":[],"_links":{"self":[{"href":"https:\/\/www.lerelaispourlemploi.fr\/relais\/wp-json\/wp\/v2\/posts\/680"}],"collection":[{"href":"https:\/\/www.lerelaispourlemploi.fr\/relais\/wp-json\/wp\/v2\/posts"}],"about":[{"href":"https:\/\/www.lerelaispourlemploi.fr\/relais\/wp-json\/wp\/v2\/types\/post"}],"author":[{"embeddable":true,"href":"https:\/\/www.lerelaispourlemploi.fr\/relais\/wp-json\/wp\/v2\/users\/2"}],"replies":[{"embeddable":true,"href":"https:\/\/www.lerelaispourlemploi.fr\/relais\/wp-json\/wp\/v2\/comments?post=680"}],"version-history":[{"count":2,"href":"https:\/\/www.lerelaispourlemploi.fr\/relais\/wp-json\/wp\/v2\/posts\/680\/revisions"}],"predecessor-version":[{"id":684,"href":"https:\/\/www.lerelaispourlemploi.fr\/relais\/wp-json\/wp\/v2\/posts\/680\/revisions\/684"}],"wp:featuredmedia":[{"embeddable":true,"href":"https:\/\/www.lerelaispourlemploi.fr\/relais\/wp-json\/wp\/v2\/media\/682"}],"wp:attachment":[{"href":"https:\/\/www.lerelaispourlemploi.fr\/relais\/wp-json\/wp\/v2\/media?parent=680"}],"wp:term":[{"taxonomy":"category","embeddable":true,"href":"https:\/\/www.lerelaispourlemploi.fr\/relais\/wp-json\/wp\/v2\/categories?post=680"},{"taxonomy":"post_tag","embeddable":true,"href":"https:\/\/www.lerelaispourlemploi.fr\/relais\/wp-json\/wp\/v2\/tags?post=680"}],"curies":[{"name":"wp","href":"https:\/\/api.w.org\/{rel}","templated":true}]}}