{"id":702,"date":"2019-10-08T16:10:49","date_gmt":"2019-10-08T14:10:49","guid":{"rendered":"http:\/\/www.lerelaispourlemploi.fr\/relais\/?p=702"},"modified":"2019-11-05T13:36:39","modified_gmt":"2019-11-05T12:36:39","slug":"flash-info-du-3eme-trimestre-2019","status":"publish","type":"post","link":"https:\/\/www.lerelaispourlemploi.fr\/relais\/actualites\/flash-info-du-3eme-trimestre-2019\/","title":{"rendered":"FLASH INFO du 3\u00e8me trimestre 2019"},"content":{"rendered":"<p>Au sommaire de ce nouveau num\u00e9ro :<\/p>\n<ul>\n<li>Le Relais aux forums associatifs,<\/li>\n<li>Pensez le Relais pour vos besoins en personnel,<\/li>\n<li>Les mouvements de personnels sur Retiers et Vitr\u00e9<\/li>\n<li>D\u00e9m\u00e9nagement \u00e0 venir sur Vitr\u00e9<\/li>\n<\/ul>\n<p>Bonne lecture !<\/p>\n<p><p><a class=\"button relais_bg\" href=\"https:\/\/www.lerelaispourlemploi.fr\/relais\/telechargements\/flash-info-2019-3-1-jpg\/\" rel=\"nofollow\">\n\t\tT\u00e9l\u00e9charger &ldquo;flash-info-2019-3-1.jpg&rdquo;\t<\/a><\/p><\/p>\n","protected":false},"excerpt":{"rendered":"Au sommaire de ce nouveau num\u00e9ro : Le Relais aux forums associatifs, Pensez le Relais pour vos besoins en personnel, Les mouvements de personnels sur Retiers et Vitr\u00e9 D\u00e9m\u00e9nagement \u00e0 venir sur Vitr\u00e9 Bonne lecture [&hellip;]","protected":false},"author":2,"featured_media":725,"comment_status":"open","ping_status":"open","sticky":false,"template":"","format":"standard","meta":[],"categories":[12],"tags":[],"_links":{"self":[{"href":"https:\/\/www.lerelaispourlemploi.fr\/relais\/wp-json\/wp\/v2\/posts\/702"}],"collection":[{"href":"https:\/\/www.lerelaispourlemploi.fr\/relais\/wp-json\/wp\/v2\/posts"}],"about":[{"href":"https:\/\/www.lerelaispourlemploi.fr\/relais\/wp-json\/wp\/v2\/types\/post"}],"author":[{"embeddable":true,"href":"https:\/\/www.lerelaispourlemploi.fr\/relais\/wp-json\/wp\/v2\/users\/2"}],"replies":[{"embeddable":true,"href":"https:\/\/www.lerelaispourlemploi.fr\/relais\/wp-json\/wp\/v2\/comments?post=702"}],"version-history":[{"count":5,"href":"https:\/\/www.lerelaispourlemploi.fr\/relais\/wp-json\/wp\/v2\/posts\/702\/revisions"}],"predecessor-version":[{"id":750,"href":"https:\/\/www.lerelaispourlemploi.fr\/relais\/wp-json\/wp\/v2\/posts\/702\/revisions\/750"}],"wp:featuredmedia":[{"embeddable":true,"href":"https:\/\/www.lerelaispourlemploi.fr\/relais\/wp-json\/wp\/v2\/media\/725"}],"wp:attachment":[{"href":"https:\/\/www.lerelaispourlemploi.fr\/relais\/wp-json\/wp\/v2\/media?parent=702"}],"wp:term":[{"taxonomy":"category","embeddable":true,"href":"https:\/\/www.lerelaispourlemploi.fr\/relais\/wp-json\/wp\/v2\/categories?post=702"},{"taxonomy":"post_tag","embeddable":true,"href":"https:\/\/www.lerelaispourlemploi.fr\/relais\/wp-json\/wp\/v2\/tags?post=702"}],"curies":[{"name":"wp","href":"https:\/\/api.w.org\/{rel}","templated":true}]}}