{"id":753,"date":"2019-11-28T14:11:22","date_gmt":"2019-11-28T13:11:22","guid":{"rendered":"http:\/\/www.lerelaispourlemploi.fr\/relais\/?p=753"},"modified":"2019-11-28T14:28:42","modified_gmt":"2019-11-28T13:28:42","slug":"un-parcours-dinsertion-reussie","status":"publish","type":"post","link":"https:\/\/www.lerelaispourlemploi.fr\/relais\/actualites\/un-parcours-dinsertion-reussie\/","title":{"rendered":"Un parcours d&rsquo;insertion r\u00e9ussie"},"content":{"rendered":"<p>Apr\u00e8s une mise \u00e0 disposition par le Relais pendant 4 mois, Jo\u00ebl a sign\u00e9 avec la mairie de Boistrudan son contrat de travail \u00e0 plein temps, nouvel agent du service technique. C&rsquo;est un beau parcours d&rsquo;insertion en partenariat avec la collectivit\u00e9.<p><a class=\"button relais_bg\" href=\"https:\/\/www.lerelaispourlemploi.fr\/relais\/telechargements\/article-of-mairie-boistrudan-joel-perrin-nov2019-pdf\/\" rel=\"nofollow\">\n\t\tT\u00e9l\u00e9charger &ldquo;article-OF-mairie-Boistrudan-Jo\u00ebl-PERRIN-Nov2019.pdf&rdquo;\t<\/a><\/p><\/p>\n","protected":false},"excerpt":{"rendered":"Apr\u00e8s une mise \u00e0 disposition par le Relais pendant 4 mois, Jo\u00ebl a sign\u00e9 avec la mairie de Boistrudan son contrat de travail \u00e0 plein temps, nouvel agent du service technique. C&rsquo;est un beau parcours [&hellip;]","protected":false},"author":8,"featured_media":761,"comment_status":"open","ping_status":"open","sticky":false,"template":"","format":"standard","meta":[],"categories":[2],"tags":[],"_links":{"self":[{"href":"https:\/\/www.lerelaispourlemploi.fr\/relais\/wp-json\/wp\/v2\/posts\/753"}],"collection":[{"href":"https:\/\/www.lerelaispourlemploi.fr\/relais\/wp-json\/wp\/v2\/posts"}],"about":[{"href":"https:\/\/www.lerelaispourlemploi.fr\/relais\/wp-json\/wp\/v2\/types\/post"}],"author":[{"embeddable":true,"href":"https:\/\/www.lerelaispourlemploi.fr\/relais\/wp-json\/wp\/v2\/users\/8"}],"replies":[{"embeddable":true,"href":"https:\/\/www.lerelaispourlemploi.fr\/relais\/wp-json\/wp\/v2\/comments?post=753"}],"version-history":[{"count":3,"href":"https:\/\/www.lerelaispourlemploi.fr\/relais\/wp-json\/wp\/v2\/posts\/753\/revisions"}],"predecessor-version":[{"id":760,"href":"https:\/\/www.lerelaispourlemploi.fr\/relais\/wp-json\/wp\/v2\/posts\/753\/revisions\/760"}],"wp:featuredmedia":[{"embeddable":true,"href":"https:\/\/www.lerelaispourlemploi.fr\/relais\/wp-json\/wp\/v2\/media\/761"}],"wp:attachment":[{"href":"https:\/\/www.lerelaispourlemploi.fr\/relais\/wp-json\/wp\/v2\/media?parent=753"}],"wp:term":[{"taxonomy":"category","embeddable":true,"href":"https:\/\/www.lerelaispourlemploi.fr\/relais\/wp-json\/wp\/v2\/categories?post=753"},{"taxonomy":"post_tag","embeddable":true,"href":"https:\/\/www.lerelaispourlemploi.fr\/relais\/wp-json\/wp\/v2\/tags?post=753"}],"curies":[{"name":"wp","href":"https:\/\/api.w.org\/{rel}","templated":true}]}}