{"id":770,"date":"2020-01-14T09:39:44","date_gmt":"2020-01-14T08:39:44","guid":{"rendered":"http:\/\/www.lerelaispourlemploi.fr\/relais\/?p=770"},"modified":"2020-01-14T09:39:44","modified_gmt":"2020-01-14T08:39:44","slug":"flash-info-du-dernier-trimestre-2019","status":"publish","type":"post","link":"https:\/\/www.lerelaispourlemploi.fr\/relais\/actualites\/flash-info-du-dernier-trimestre-2019\/","title":{"rendered":"Flash Info du dernier trimestre 2019"},"content":{"rendered":"<p>Au sommaire de ce dernier num\u00e9ro de l&rsquo;ann\u00e9e 2019 :<\/p>\n<ul>\n<li>la visite de Christine CLOAREC, d\u00e9put\u00e9e<\/li>\n<li>la f\u00eate de fin d&rsquo;ann\u00e9e du Relais pour l&rsquo;Emploi<\/li>\n<li>d\u00e9m\u00e9nagement des locaux de l&rsquo;antenne de Vitr\u00e9<\/li>\n<li>les chiffres 2019<\/li>\n<\/ul>\n<p>Bonne lecture !<\/p>\n<p><p><a class=\"button relais_bg\" href=\"https:\/\/www.lerelaispourlemploi.fr\/relais\/telechargements\/flash-info-2019-4-pdf\/\" rel=\"nofollow\">\n\t\tT\u00e9l\u00e9charger &ldquo;flash-info-2019-4.pdf&rdquo;\t<\/a><\/p><\/p>\n","protected":false},"excerpt":{"rendered":"Au sommaire de ce dernier num\u00e9ro de l&rsquo;ann\u00e9e 2019 : la visite de Christine CLOAREC, d\u00e9put\u00e9e la f\u00eate de fin d&rsquo;ann\u00e9e du Relais pour l&rsquo;Emploi d\u00e9m\u00e9nagement des locaux de l&rsquo;antenne de Vitr\u00e9 les chiffres 2019 [&hellip;]","protected":false},"author":8,"featured_media":775,"comment_status":"open","ping_status":"open","sticky":false,"template":"","format":"standard","meta":[],"categories":[2],"tags":[],"_links":{"self":[{"href":"https:\/\/www.lerelaispourlemploi.fr\/relais\/wp-json\/wp\/v2\/posts\/770"}],"collection":[{"href":"https:\/\/www.lerelaispourlemploi.fr\/relais\/wp-json\/wp\/v2\/posts"}],"about":[{"href":"https:\/\/www.lerelaispourlemploi.fr\/relais\/wp-json\/wp\/v2\/types\/post"}],"author":[{"embeddable":true,"href":"https:\/\/www.lerelaispourlemploi.fr\/relais\/wp-json\/wp\/v2\/users\/8"}],"replies":[{"embeddable":true,"href":"https:\/\/www.lerelaispourlemploi.fr\/relais\/wp-json\/wp\/v2\/comments?post=770"}],"version-history":[{"count":1,"href":"https:\/\/www.lerelaispourlemploi.fr\/relais\/wp-json\/wp\/v2\/posts\/770\/revisions"}],"predecessor-version":[{"id":776,"href":"https:\/\/www.lerelaispourlemploi.fr\/relais\/wp-json\/wp\/v2\/posts\/770\/revisions\/776"}],"wp:featuredmedia":[{"embeddable":true,"href":"https:\/\/www.lerelaispourlemploi.fr\/relais\/wp-json\/wp\/v2\/media\/775"}],"wp:attachment":[{"href":"https:\/\/www.lerelaispourlemploi.fr\/relais\/wp-json\/wp\/v2\/media?parent=770"}],"wp:term":[{"taxonomy":"category","embeddable":true,"href":"https:\/\/www.lerelaispourlemploi.fr\/relais\/wp-json\/wp\/v2\/categories?post=770"},{"taxonomy":"post_tag","embeddable":true,"href":"https:\/\/www.lerelaispourlemploi.fr\/relais\/wp-json\/wp\/v2\/tags?post=770"}],"curies":[{"name":"wp","href":"https:\/\/api.w.org\/{rel}","templated":true}]}}