{"id":786,"date":"2020-01-14T17:40:38","date_gmt":"2020-01-14T16:40:38","guid":{"rendered":"http:\/\/www.lerelaispourlemploi.fr\/relais\/?p=786"},"modified":"2020-01-14T17:40:38","modified_gmt":"2020-01-14T16:40:38","slug":"augmentation-01-01-20","status":"publish","type":"post","link":"https:\/\/www.lerelaispourlemploi.fr\/relais\/actualites\/augmentation-01-01-20\/","title":{"rendered":"\u00c9volution de nos tarifs au 01\/01\/2020"},"content":{"rendered":"<p>Compte tenu de l&rsquo;augmentation du SMIC au 1er janvier 2020, l&rsquo;Association Interm\u00e9diaire Le Relais pr\u00e9voit l&rsquo;actualisation de ses tarifs horaires pour l&rsquo;ann\u00e9e 2020. Le montant des cotisations annuelles reste quant \u00e0 lui inchang\u00e9.<\/p>\n<p>Cette \u00e9volution intervient \u00e0 compter du 1er janvier 2020, comme suit :\n<div class=\"notebox\">\n<div class=\"row\">\n<div class=\"col-3 center\"><\/p>\n<h4>Donneurs d&rsquo;Ouvrages<\/h4>\n<p>Particuliers (SAP\/emplois familiaux)<\/p>\n<p>Particuliers (manutention)<\/p>\n<p>Associations<\/p>\n<p>Entreprises<\/p>\n<p>Collectivit\u00e9s locales\n<\/div>\n<div class=\"col-3 center\"><\/p>\n<h4>Cotisation annuelle<\/h4>\n<p>10\u20ac<\/p>\n<p>10\u20ac<\/p>\n<p>10\u20ac<\/p>\n<p>25\u20ac<\/p>\n<p>25\u20ac\n<\/div>\n<div class=\"col-3 center\"><\/p>\n<h4>Tarification horaire<\/h4>\n<p>20.00\u20ac<\/p>\n<p>21.00\u20ac<\/p>\n<p>21.00\u20ac<\/p>\n<p>21.00\u20ac<\/p>\n<p>21.00\u20ac\n<\/div>\n<\/div>\n<\/div><\/p>\n<p>Nous comptons sur vous pour poursuivre ce travail commun, qui permet \u00e0 des personnes d&rsquo;\u00eatre soutenues dans leur dynamique d&#8217;emploi sur notre territoire.<\/p>\n","protected":false},"excerpt":{"rendered":"Compte tenu de l&rsquo;augmentation du SMIC au 1er janvier 2020, l&rsquo;Association Interm\u00e9diaire Le Relais pr\u00e9voit l&rsquo;actualisation de ses tarifs horaires pour l&rsquo;ann\u00e9e 2020. Le montant des cotisations annuelles reste quant \u00e0 lui inchang\u00e9. Cette \u00e9volution [&hellip;]","protected":false},"author":8,"featured_media":789,"comment_status":"open","ping_status":"open","sticky":false,"template":"","format":"standard","meta":[],"categories":[2],"tags":[],"_links":{"self":[{"href":"https:\/\/www.lerelaispourlemploi.fr\/relais\/wp-json\/wp\/v2\/posts\/786"}],"collection":[{"href":"https:\/\/www.lerelaispourlemploi.fr\/relais\/wp-json\/wp\/v2\/posts"}],"about":[{"href":"https:\/\/www.lerelaispourlemploi.fr\/relais\/wp-json\/wp\/v2\/types\/post"}],"author":[{"embeddable":true,"href":"https:\/\/www.lerelaispourlemploi.fr\/relais\/wp-json\/wp\/v2\/users\/8"}],"replies":[{"embeddable":true,"href":"https:\/\/www.lerelaispourlemploi.fr\/relais\/wp-json\/wp\/v2\/comments?post=786"}],"version-history":[{"count":2,"href":"https:\/\/www.lerelaispourlemploi.fr\/relais\/wp-json\/wp\/v2\/posts\/786\/revisions"}],"predecessor-version":[{"id":788,"href":"https:\/\/www.lerelaispourlemploi.fr\/relais\/wp-json\/wp\/v2\/posts\/786\/revisions\/788"}],"wp:featuredmedia":[{"embeddable":true,"href":"https:\/\/www.lerelaispourlemploi.fr\/relais\/wp-json\/wp\/v2\/media\/789"}],"wp:attachment":[{"href":"https:\/\/www.lerelaispourlemploi.fr\/relais\/wp-json\/wp\/v2\/media?parent=786"}],"wp:term":[{"taxonomy":"category","embeddable":true,"href":"https:\/\/www.lerelaispourlemploi.fr\/relais\/wp-json\/wp\/v2\/categories?post=786"},{"taxonomy":"post_tag","embeddable":true,"href":"https:\/\/www.lerelaispourlemploi.fr\/relais\/wp-json\/wp\/v2\/tags?post=786"}],"curies":[{"name":"wp","href":"https:\/\/api.w.org\/{rel}","templated":true}]}}