{"id":809,"date":"2020-05-25T16:44:34","date_gmt":"2020-05-25T14:44:34","guid":{"rendered":"http:\/\/www.lerelaispourlemploi.fr\/relais\/?p=809"},"modified":"2020-05-25T16:44:34","modified_gmt":"2020-05-25T14:44:34","slug":"flash-info-special-covid-19","status":"publish","type":"post","link":"https:\/\/www.lerelaispourlemploi.fr\/relais\/actualites\/flash-info-special-covid-19\/","title":{"rendered":"Flash Info Sp\u00e9cial Covid-19"},"content":{"rendered":"<p>Voici un flash info sp\u00e9cial pour vous informer des mesures en place suite au Covid 19 :<\/p>\n<ul>\n<li>R\u00e9-ouverture de nos bureaux,<\/li>\n<li>Les protocoles mis en place,<\/li>\n<li>Rappel sur nos missions<\/li>\n<\/ul>\n<p>N&rsquo;h\u00e9sitez pas \u00e0 nous joindre pour toutes vos demandes.<\/p>\n<p><p><a class=\"button relais_bg\" href=\"https:\/\/www.lerelaispourlemploi.fr\/relais\/telechargements\/flash-info-png\/\" rel=\"nofollow\">\n\t\tT\u00e9l\u00e9charger &ldquo;flash-info.png&rdquo;\t<\/a><\/p><\/p>\n<p>&nbsp;<\/p>\n","protected":false},"excerpt":{"rendered":"Voici un flash info sp\u00e9cial pour vous informer des mesures en place suite au Covid 19 : R\u00e9-ouverture de nos bureaux, Les protocoles mis en place, Rappel sur nos missions N&rsquo;h\u00e9sitez pas \u00e0 nous joindre [&hellip;]","protected":false},"author":8,"featured_media":812,"comment_status":"open","ping_status":"open","sticky":false,"template":"","format":"standard","meta":[],"categories":[2,12],"tags":[],"_links":{"self":[{"href":"https:\/\/www.lerelaispourlemploi.fr\/relais\/wp-json\/wp\/v2\/posts\/809"}],"collection":[{"href":"https:\/\/www.lerelaispourlemploi.fr\/relais\/wp-json\/wp\/v2\/posts"}],"about":[{"href":"https:\/\/www.lerelaispourlemploi.fr\/relais\/wp-json\/wp\/v2\/types\/post"}],"author":[{"embeddable":true,"href":"https:\/\/www.lerelaispourlemploi.fr\/relais\/wp-json\/wp\/v2\/users\/8"}],"replies":[{"embeddable":true,"href":"https:\/\/www.lerelaispourlemploi.fr\/relais\/wp-json\/wp\/v2\/comments?post=809"}],"version-history":[{"count":2,"href":"https:\/\/www.lerelaispourlemploi.fr\/relais\/wp-json\/wp\/v2\/posts\/809\/revisions"}],"predecessor-version":[{"id":818,"href":"https:\/\/www.lerelaispourlemploi.fr\/relais\/wp-json\/wp\/v2\/posts\/809\/revisions\/818"}],"wp:featuredmedia":[{"embeddable":true,"href":"https:\/\/www.lerelaispourlemploi.fr\/relais\/wp-json\/wp\/v2\/media\/812"}],"wp:attachment":[{"href":"https:\/\/www.lerelaispourlemploi.fr\/relais\/wp-json\/wp\/v2\/media?parent=809"}],"wp:term":[{"taxonomy":"category","embeddable":true,"href":"https:\/\/www.lerelaispourlemploi.fr\/relais\/wp-json\/wp\/v2\/categories?post=809"},{"taxonomy":"post_tag","embeddable":true,"href":"https:\/\/www.lerelaispourlemploi.fr\/relais\/wp-json\/wp\/v2\/tags?post=809"}],"curies":[{"name":"wp","href":"https:\/\/api.w.org\/{rel}","templated":true}]}}