{"id":828,"date":"2020-10-08T11:16:31","date_gmt":"2020-10-08T09:16:31","guid":{"rendered":"http:\/\/www.lerelaispourlemploi.fr\/relais\/?p=828"},"modified":"2020-10-08T11:16:31","modified_gmt":"2020-10-08T09:16:31","slug":"flash-info-du-3eme-trimestre","status":"publish","type":"post","link":"https:\/\/www.lerelaispourlemploi.fr\/relais\/actualites\/flash-info-du-3eme-trimestre\/","title":{"rendered":"Flash Info du 3\u00e8me trimestre"},"content":{"rendered":"<p>Au sommaire de ce nouveau num\u00e9ro :<\/p>\n<p>&#8211; Notre participation aux forums associatifs,<\/p>\n<p>&#8211; Point sur l&rsquo;\u00e9quipe des permanents,<\/p>\n<p>&#8211;\u00a0 Mise en place du CSE,<\/p>\n<p>&#8211;\u00a0 Mise \u00e0 jour du DUERP,<\/p>\n<p>Bonne lecture,<\/p>\n<p><p><a class=\"button relais_bg\" href=\"https:\/\/www.lerelaispourlemploi.fr\/relais\/telechargements\/flash-info-3eme-trimestre-png\/\" rel=\"nofollow\">\n\t\tT\u00e9l\u00e9charger &ldquo;Flash-Info-3\u00e8me-trimestre.png&rdquo;\t<\/a><\/p><\/p>\n","protected":false},"excerpt":{"rendered":"Au sommaire de ce nouveau num\u00e9ro : &#8211; Notre participation aux forums associatifs, &#8211; Point sur l&rsquo;\u00e9quipe des permanents, &#8211;\u00a0 Mise en place du CSE, &#8211;\u00a0 Mise \u00e0 jour du DUERP, Bonne lecture,","protected":false},"author":8,"featured_media":838,"comment_status":"open","ping_status":"open","sticky":false,"template":"","format":"standard","meta":[],"categories":[2],"tags":[],"_links":{"self":[{"href":"https:\/\/www.lerelaispourlemploi.fr\/relais\/wp-json\/wp\/v2\/posts\/828"}],"collection":[{"href":"https:\/\/www.lerelaispourlemploi.fr\/relais\/wp-json\/wp\/v2\/posts"}],"about":[{"href":"https:\/\/www.lerelaispourlemploi.fr\/relais\/wp-json\/wp\/v2\/types\/post"}],"author":[{"embeddable":true,"href":"https:\/\/www.lerelaispourlemploi.fr\/relais\/wp-json\/wp\/v2\/users\/8"}],"replies":[{"embeddable":true,"href":"https:\/\/www.lerelaispourlemploi.fr\/relais\/wp-json\/wp\/v2\/comments?post=828"}],"version-history":[{"count":3,"href":"https:\/\/www.lerelaispourlemploi.fr\/relais\/wp-json\/wp\/v2\/posts\/828\/revisions"}],"predecessor-version":[{"id":839,"href":"https:\/\/www.lerelaispourlemploi.fr\/relais\/wp-json\/wp\/v2\/posts\/828\/revisions\/839"}],"wp:featuredmedia":[{"embeddable":true,"href":"https:\/\/www.lerelaispourlemploi.fr\/relais\/wp-json\/wp\/v2\/media\/838"}],"wp:attachment":[{"href":"https:\/\/www.lerelaispourlemploi.fr\/relais\/wp-json\/wp\/v2\/media?parent=828"}],"wp:term":[{"taxonomy":"category","embeddable":true,"href":"https:\/\/www.lerelaispourlemploi.fr\/relais\/wp-json\/wp\/v2\/categories?post=828"},{"taxonomy":"post_tag","embeddable":true,"href":"https:\/\/www.lerelaispourlemploi.fr\/relais\/wp-json\/wp\/v2\/tags?post=828"}],"curies":[{"name":"wp","href":"https:\/\/api.w.org\/{rel}","templated":true}]}}